{"id":189,"date":"2015-09-24T13:24:00","date_gmt":"2015-09-24T16:24:00","guid":{"rendered":"http:\/\/www.temperim.com\/blog\/?p=189"},"modified":"2021-05-19T13:56:53","modified_gmt":"2021-05-19T16:56:53","slug":"fotos-vs-ilustracoes-quando-usar-qual-formato","status":"publish","type":"post","link":"https:\/\/temperim.com\/blog\/fotos-vs-ilustracoes-quando-usar-qual-formato\/","title":{"rendered":"FOTOS vs. ILUSTRA\u00c7\u00d5ES: quando usar qual formato"},"content":{"rendered":"<p style=\"text-align: justify;\">Geralmente h\u00e1 uma diferen\u00e7a \u00f3bvia entre fotos e ilustra\u00e7\u00f5es, mas o que pode n\u00e3o ser t\u00e3o \u00f3bvio \u00e9 saber quando \u00e9 melhor usar uma fotografia ou uma ilustra\u00e7\u00e3o em um respectivo projeto.\u00a0A seguir, forneceremos uma base s\u00f3lida de quando utilizar cada formato visual e o por qu\u00ea.<\/p>\n<p style=\"text-align: justify;\">Fotografias s\u00e3o mais fundamentadas na realidade do que as ilustra\u00e7\u00f5es. Para retratar algo de forma literal, as <a href=\"http:\/\/www.bigstock.com.br\/en\/\" target=\"_blank\" rel=\"noopener noreferrer\">Stock Photos<\/a> s\u00e3o uma op\u00e7\u00e3o clara, especialmente se voc\u00ea estiver vendendo um produto f\u00edsico espec\u00edfico como comida ou roupas. Corpora\u00e7\u00f5es de grande porte geralmente escolhem fotos para evitar parecerem surreais ou provocativas. Nos setores nos quais a compet\u00eancia e o profissionalismos s\u00e3o essenciais \u2013 como em viagens a\u00e9reas, seguran\u00e7a corporativa ou extra\u00e7\u00e3o de petr\u00f3leo \u2013 \u00e9 mais prov\u00e1vel ver fotos no trabalho.<\/p>\n<p style=\"text-align: justify;\">Isso n\u00e3o implica que as fotos sejam a \u00fanica boa maneira de detalhar a descri\u00e7\u00e3o visual. Muitos fot\u00f3grafos s\u00e3o deliberadamente irreais, por meio da composi\u00e7\u00e3o criativa, ilus\u00e3o \u00f3tica e manipula\u00e7\u00e3o digital. Mas isso tira proveito da ambiguidade da arte pura e \u00e9 melhor usada para expressar um tema ou uma ideia abstrata, n\u00e3o um produto espec\u00edfico.<\/p>\n<p>&nbsp;<\/p>\n<p style=\"text-align: justify;\"><img fetchpriority=\"high\" decoding=\"async\" class=\"aligncenter wp-image-190 size-full\" src=\"https:\/\/www.temperim.com\/blog\/wp-content\/uploads\/2015\/09\/Untitled-1.jpg\" alt=\"foto\" width=\"603\" height=\"543\" srcset=\"https:\/\/temperim.com\/blog\/wp-content\/uploads\/2015\/09\/Untitled-1.jpg 603w, https:\/\/temperim.com\/blog\/wp-content\/uploads\/2015\/09\/Untitled-1-300x270.jpg 300w\" sizes=\"(max-width: 603px) 100vw, 603px\" \/><\/p>\n<p>&nbsp;<\/p>\n<p style=\"text-align: justify;\">Por exemplo, a imagem acima cont\u00e9m elementos de fotografia, mas seu estilo \u201cfoto-ilustra\u00e7\u00e3o\u201d obviamente funciona melhor do que uma met\u00e1fora (a menos que sua empresa venda poltronas naveg\u00e1veis).<\/p>\n<p style=\"text-align: justify;\">Isso \u00e9 um atributo da fotografia no qual as ilustra\u00e7\u00f5es encontram poder. Ilustra\u00e7\u00f5es podem ignorar livremente a realidade para expressar temas e conceitos e envolver a imagina\u00e7\u00e3o de formas divertidas, estranhas e at\u00e9 mesmo imposs\u00edveis. Por exemplo, o conte\u00fado da ilustra\u00e7\u00e3o abaixo \u00e9 dif\u00edcil, mas n\u00e3o imposs\u00edvel, de ser atingido em uma fotografia pura.<\/p>\n<p>&nbsp;<\/p>\n<p style=\"text-align: justify;\"><img decoding=\"async\" class=\"aligncenter wp-image-191 size-full\" src=\"https:\/\/www.temperim.com\/blog\/wp-content\/uploads\/2015\/09\/Untitled-2.jpg\" alt=\"ilustracao\" width=\"472\" height=\"472\" srcset=\"https:\/\/temperim.com\/blog\/wp-content\/uploads\/2015\/09\/Untitled-2.jpg 472w, https:\/\/temperim.com\/blog\/wp-content\/uploads\/2015\/09\/Untitled-2-150x150.jpg 150w, https:\/\/temperim.com\/blog\/wp-content\/uploads\/2015\/09\/Untitled-2-300x300.jpg 300w, https:\/\/temperim.com\/blog\/wp-content\/uploads\/2015\/09\/Untitled-2-60x60.jpg 60w\" sizes=\"(max-width: 472px) 100vw, 472px\" \/><\/p>\n<p>&nbsp;<\/p>\n<p style=\"text-align: justify;\">As ilustra\u00e7\u00f5es v\u00eam em incont\u00e1veis estilos e formas que podem ser usadas para seu proveito. Vamos supor, por exemplo, que voc\u00ea precise da imagem de um urso. D\u00ea uma olhada nesta <a href=\"http:\/\/www.bigstockphoto.com\/search\/bear\/?illustrations=y\" target=\"_blank\" rel=\"noopener noreferrer\">cole\u00e7\u00e3o de ilustra\u00e7\u00f5es de ursos<\/a>. De ang\u00e9licos a agressivos, essa variedade de estilos que beira ao infinito de ilustra\u00e7\u00f5es ajudam voc\u00ea a encontrar a imagem apropriada para suas necessidades estrat\u00e9gicas espec\u00edficas.<\/p>\n<p style=\"text-align: justify;\">Esta \u00e9 outra forma de navegar para a quest\u00e3o mais ampla de foto vs. ilustra\u00e7\u00e3o; use sua estrat\u00e9gia de marketing em geral como a base da sua decis\u00e3o, e n\u00e3o seu gosto pessoal.<\/p>\n<p style=\"text-align: justify;\"><em><strong>O que voc\u00ea pode gostar provavelmente pode estar errado para as metas maiores do seu projeto.<\/strong><\/em><\/p>\n<p style=\"text-align: justify;\">Portanto, se tiver d\u00favida, fa\u00e7a a voc\u00ea mesmo as seguintes perguntas:<\/p>\n<ul style=\"text-align: justify;\">\n<li><strong>Voc\u00ea est\u00e1 vendendo um produto espec\u00edfico?<\/strong> Use uma foto para exibi-lo claramente.<\/li>\n<li><strong>Voc\u00ea est\u00e1 vendendo algo menos tang\u00edvel?<\/strong> Experimente uma ilustra\u00e7\u00e3o para capturar o tema.<\/li>\n<li><strong>Qual \u00e9 a faixa de idade do seu p\u00fablico-alvo?<\/strong> Pessoas mais jovens podem ser mais receptivas a uma excentricidade dissimulada de uma ilustra\u00e7\u00e3o divertida, enquanto pessoas mais velhas podem preferir uma sensa\u00e7\u00e3o de confian\u00e7a de uma foto sens\u00edvel.<\/li>\n<li><strong>Sua empresa \u00e9 menos favorecida em compara\u00e7\u00e3o a outros l\u00edderes de mercado que usam o mesmo tipo de fotos?<\/strong> Experimente um estilo ilustrado para agitar as coisas e diferenci\u00e1-lo.<\/li>\n<li><strong>Voc\u00ea \u00e9 uma empresa grande que n\u00e3o pode se arriscar?<\/strong> As fotos podem ser melhores.<\/li>\n<\/ul>\n<p style=\"text-align: justify;\">Obviamente, esta n\u00e3o \u00e9 uma ci\u00eancia exata e algumas vezes vale \u00e0 pena se arriscar e desafiar os padr\u00f5es. Apenas certifique-se de que, quer voc\u00ea tenha usado uma foto ou uma ilustra\u00e7\u00e3o, voc\u00ea fez o melhor para entender como seu p\u00fablico-alvo poder\u00e1 reagir. Isso pode realmente aumentar as chances de que seu projeto atinja o patamar necess\u00e1rio.<\/p>\n<hr \/>\n<p style=\"text-align: justify;\"><span style=\"color: #808080;\"><em>Fonte: Design.Blog<\/em><\/span><\/p>\n<p>&nbsp;<\/p>\n","protected":false},"excerpt":{"rendered":"<p>Geralmente h\u00e1 uma diferen\u00e7a \u00f3bvia entre fotos e ilustra\u00e7\u00f5es, mas o que pode n\u00e3o ser t\u00e3o \u00f3bvio \u00e9 saber quando \u00e9 melhor usar uma fotografia ou uma ilustra\u00e7\u00e3o em um respectivo projeto.\u00a0A seguir, forneceremos uma base s\u00f3lida de quando utilizar cada formato visual e o por qu\u00ea.<\/p>\n","protected":false},"author":2,"featured_media":193,"comment_status":"closed","ping_status":"open","sticky":false,"template":"","format":"standard","meta":{"footnotes":""},"categories":[3,54],"tags":[70,71,72,73],"class_list":["post-189","post","type-post","status-publish","format-standard","has-post-thumbnail","hentry","category-dica-do-chef","category-fique-por-dentro","tag-foto","tag-fotografia","tag-ilustracao","tag-imagens"],"yoast_head":"<!-- This site is optimized with the Yoast SEO plugin v28.3 - https:\/\/yoast.com\/product\/yoast-seo-wordpress\/ -->\n<title>FOTOS vs. ILUSTRA\u00c7\u00d5ES: quando usar - Mexid\u00e3o<\/title>\n<meta name=\"description\" content=\"Geralmente h\u00e1 uma diferen\u00e7a \u00f3bvia entre fotos e ilustra\u00e7\u00f5es, mas o que pode n\u00e3o ser t\u00e3o \u00f3bvio \u00e9 saber quando \u00e9 melhor usar uma fotografia ou uma ilustra\u00e7\u00e3o em um respectivo projeto.\" \/>\n<meta name=\"robots\" content=\"index, follow, max-snippet:-1, max-image-preview:large, max-video-preview:-1\" \/>\n<link rel=\"canonical\" href=\"https:\/\/temperim.com\/blog\/fotos-vs-ilustracoes-quando-usar-qual-formato\/\" \/>\n<meta property=\"og:locale\" content=\"pt_BR\" \/>\n<meta property=\"og:type\" content=\"article\" \/>\n<meta property=\"og:title\" content=\"FOTOS vs. ILUSTRA\u00c7\u00d5ES: quando usar - Mexid\u00e3o\" \/>\n<meta property=\"og:description\" content=\"Geralmente h\u00e1 uma diferen\u00e7a \u00f3bvia entre fotos e ilustra\u00e7\u00f5es, mas o que pode n\u00e3o ser t\u00e3o \u00f3bvio \u00e9 saber quando \u00e9 melhor usar uma fotografia ou uma ilustra\u00e7\u00e3o em um respectivo projeto.\" \/>\n<meta property=\"og:url\" content=\"https:\/\/temperim.com\/blog\/fotos-vs-ilustracoes-quando-usar-qual-formato\/\" \/>\n<meta property=\"og:site_name\" content=\"Mexid\u00e3o\" \/>\n<meta property=\"article:published_time\" content=\"2015-09-24T16:24:00+00:00\" \/>\n<meta property=\"article:modified_time\" content=\"2021-05-19T16:56:53+00:00\" \/>\n<meta property=\"og:image\" content=\"http:\/\/www.temperim.com\/blog\/wp-content\/uploads\/2015\/09\/fotovsilustra.jpg\" \/>\n<meta name=\"author\" content=\"Daniela Pereira\" \/>\n<meta name=\"twitter:card\" content=\"summary_large_image\" \/>\n<meta name=\"twitter:title\" content=\"FOTOS vs. ILUSTRA\u00c7\u00d5ES: quando usar - Mexid\u00e3o\" \/>\n<meta name=\"twitter:description\" content=\"Geralmente h\u00e1 uma diferen\u00e7a \u00f3bvia entre fotos e ilustra\u00e7\u00f5es, mas o que pode n\u00e3o ser t\u00e3o \u00f3bvio \u00e9 saber quando \u00e9 melhor usar uma fotografia ou uma ilustra\u00e7\u00e3o em um respectivo projeto.\" \/>\n<meta name=\"twitter:image\" content=\"http:\/\/www.temperim.com\/blog\/wp-content\/uploads\/2015\/09\/fotovsilustra.jpg\" \/>\n<meta name=\"twitter:label1\" content=\"Escrito por\" \/>\n\t<meta name=\"twitter:data1\" content=\"Daniela Pereira\" \/>\n\t<meta name=\"twitter:label2\" content=\"Est. tempo de leitura\" \/>\n\t<meta name=\"twitter:data2\" content=\"3 minutos\" \/>\n<script type=\"application\/ld+json\" class=\"yoast-schema-graph\">{\"@context\":\"https:\\\/\\\/schema.org\",\"@graph\":[{\"@type\":\"Article\",\"@id\":\"https:\\\/\\\/temperim.com\\\/blog\\\/fotos-vs-ilustracoes-quando-usar-qual-formato\\\/#article\",\"isPartOf\":{\"@id\":\"https:\\\/\\\/temperim.com\\\/blog\\\/fotos-vs-ilustracoes-quando-usar-qual-formato\\\/\"},\"author\":{\"name\":\"Daniela Pereira\",\"@id\":\"https:\\\/\\\/temperim.com\\\/blog\\\/#\\\/schema\\\/person\\\/316adb7d808d2b38684b0e176d037cfe\"},\"headline\":\"FOTOS vs. ILUSTRA\u00c7\u00d5ES: quando usar qual formato\",\"datePublished\":\"2015-09-24T16:24:00+00:00\",\"dateModified\":\"2021-05-19T16:56:53+00:00\",\"mainEntityOfPage\":{\"@id\":\"https:\\\/\\\/temperim.com\\\/blog\\\/fotos-vs-ilustracoes-quando-usar-qual-formato\\\/\"},\"wordCount\":629,\"publisher\":{\"@id\":\"https:\\\/\\\/temperim.com\\\/blog\\\/#organization\"},\"image\":{\"@id\":\"https:\\\/\\\/temperim.com\\\/blog\\\/fotos-vs-ilustracoes-quando-usar-qual-formato\\\/#primaryimage\"},\"thumbnailUrl\":\"https:\\\/\\\/temperim.com\\\/blog\\\/wp-content\\\/uploads\\\/2015\\\/09\\\/fotovsilustra.jpg\",\"keywords\":[\"foto\",\"fotografia\",\"ilustra\u00e7\u00e3o\",\"imagens\"],\"articleSection\":[\"Dica do Chef\",\"Fique por Dentro\"],\"inLanguage\":\"pt-BR\"},{\"@type\":\"WebPage\",\"@id\":\"https:\\\/\\\/temperim.com\\\/blog\\\/fotos-vs-ilustracoes-quando-usar-qual-formato\\\/\",\"url\":\"https:\\\/\\\/temperim.com\\\/blog\\\/fotos-vs-ilustracoes-quando-usar-qual-formato\\\/\",\"name\":\"FOTOS vs. ILUSTRA\u00c7\u00d5ES: quando usar - Mexid\u00e3o\",\"isPartOf\":{\"@id\":\"https:\\\/\\\/temperim.com\\\/blog\\\/#website\"},\"primaryImageOfPage\":{\"@id\":\"https:\\\/\\\/temperim.com\\\/blog\\\/fotos-vs-ilustracoes-quando-usar-qual-formato\\\/#primaryimage\"},\"image\":{\"@id\":\"https:\\\/\\\/temperim.com\\\/blog\\\/fotos-vs-ilustracoes-quando-usar-qual-formato\\\/#primaryimage\"},\"thumbnailUrl\":\"https:\\\/\\\/temperim.com\\\/blog\\\/wp-content\\\/uploads\\\/2015\\\/09\\\/fotovsilustra.jpg\",\"datePublished\":\"2015-09-24T16:24:00+00:00\",\"dateModified\":\"2021-05-19T16:56:53+00:00\",\"description\":\"Geralmente h\u00e1 uma diferen\u00e7a \u00f3bvia entre fotos e ilustra\u00e7\u00f5es, mas o que pode n\u00e3o ser t\u00e3o \u00f3bvio \u00e9 saber quando \u00e9 melhor usar uma fotografia ou uma ilustra\u00e7\u00e3o em um respectivo projeto.\",\"breadcrumb\":{\"@id\":\"https:\\\/\\\/temperim.com\\\/blog\\\/fotos-vs-ilustracoes-quando-usar-qual-formato\\\/#breadcrumb\"},\"inLanguage\":\"pt-BR\",\"potentialAction\":[{\"@type\":\"ReadAction\",\"target\":[\"https:\\\/\\\/temperim.com\\\/blog\\\/fotos-vs-ilustracoes-quando-usar-qual-formato\\\/\"]}]},{\"@type\":\"ImageObject\",\"inLanguage\":\"pt-BR\",\"@id\":\"https:\\\/\\\/temperim.com\\\/blog\\\/fotos-vs-ilustracoes-quando-usar-qual-formato\\\/#primaryimage\",\"url\":\"https:\\\/\\\/temperim.com\\\/blog\\\/wp-content\\\/uploads\\\/2015\\\/09\\\/fotovsilustra.jpg\",\"contentUrl\":\"https:\\\/\\\/temperim.com\\\/blog\\\/wp-content\\\/uploads\\\/2015\\\/09\\\/fotovsilustra.jpg\",\"width\":750,\"height\":410},{\"@type\":\"BreadcrumbList\",\"@id\":\"https:\\\/\\\/temperim.com\\\/blog\\\/fotos-vs-ilustracoes-quando-usar-qual-formato\\\/#breadcrumb\",\"itemListElement\":[{\"@type\":\"ListItem\",\"position\":1,\"name\":\"Home\",\"item\":\"https:\\\/\\\/temperim.com\\\/blog\\\/\"},{\"@type\":\"ListItem\",\"position\":2,\"name\":\"Dica do Chef\",\"item\":\"https:\\\/\\\/temperim.com\\\/blog\\\/categoria\\\/dica-do-chef\\\/\"},{\"@type\":\"ListItem\",\"position\":3,\"name\":\"FOTOS vs. ILUSTRA\u00c7\u00d5ES: quando usar qual formato\"}]},{\"@type\":\"WebSite\",\"@id\":\"https:\\\/\\\/temperim.com\\\/blog\\\/#website\",\"url\":\"https:\\\/\\\/temperim.com\\\/blog\\\/\",\"name\":\"Mexid\u00e3o - o blog da Ag\u00eancia Temperim\",\"description\":\"o blog da Ag\u00eancia Temperim\",\"publisher\":{\"@id\":\"https:\\\/\\\/temperim.com\\\/blog\\\/#organization\"},\"alternateName\":\"Mexid\u00e3o - o blog da Ag\u00eancia Temperim\",\"potentialAction\":[{\"@type\":\"SearchAction\",\"target\":{\"@type\":\"EntryPoint\",\"urlTemplate\":\"https:\\\/\\\/temperim.com\\\/blog\\\/?s={search_term_string}\"},\"query-input\":{\"@type\":\"PropertyValueSpecification\",\"valueRequired\":true,\"valueName\":\"search_term_string\"}}],\"inLanguage\":\"pt-BR\"},{\"@type\":\"Organization\",\"@id\":\"https:\\\/\\\/temperim.com\\\/blog\\\/#organization\",\"name\":\"Mexid\u00e3o - o blog da Ag\u00eancia Temperim\",\"alternateName\":\"Mexid\u00e3o - o blog da Ag\u00eancia Temperim\",\"url\":\"https:\\\/\\\/temperim.com\\\/blog\\\/\",\"logo\":{\"@type\":\"ImageObject\",\"inLanguage\":\"pt-BR\",\"@id\":\"https:\\\/\\\/temperim.com\\\/blog\\\/#\\\/schema\\\/logo\\\/image\\\/\",\"url\":\"https:\\\/\\\/temperim.com\\\/blog\\\/wp-content\\\/uploads\\\/2026\\\/06\\\/mexidao2-e1777947401510.png\",\"contentUrl\":\"https:\\\/\\\/temperim.com\\\/blog\\\/wp-content\\\/uploads\\\/2026\\\/06\\\/mexidao2-e1777947401510.png\",\"width\":1300,\"height\":460,\"caption\":\"Mexid\u00e3o - o blog da Ag\u00eancia Temperim\"},\"image\":{\"@id\":\"https:\\\/\\\/temperim.com\\\/blog\\\/#\\\/schema\\\/logo\\\/image\\\/\"},\"sameAs\":[\"https:\\\/\\\/www.instagram.com\\\/agenciatemperim\\\/\",\"https:\\\/\\\/www.linkedin.com\\\/company\\\/agenciatemperim\\\/\"]},{\"@type\":\"Person\",\"@id\":\"https:\\\/\\\/temperim.com\\\/blog\\\/#\\\/schema\\\/person\\\/316adb7d808d2b38684b0e176d037cfe\",\"name\":\"Daniela Pereira\",\"pronouns\":\"ela\\\/dela\",\"image\":{\"@type\":\"ImageObject\",\"inLanguage\":\"pt-BR\",\"@id\":\"https:\\\/\\\/temperim.com\\\/blog\\\/wp-content\\\/litespeed\\\/avatar\\\/f536d8fd357c722186d9d4d125854110.jpg?ver=1788316506\",\"url\":\"https:\\\/\\\/temperim.com\\\/blog\\\/wp-content\\\/litespeed\\\/avatar\\\/f536d8fd357c722186d9d4d125854110.jpg?ver=1788316506\",\"contentUrl\":\"https:\\\/\\\/temperim.com\\\/blog\\\/wp-content\\\/litespeed\\\/avatar\\\/f536d8fd357c722186d9d4d125854110.jpg?ver=1788316506\",\"caption\":\"Daniela Pereira\"},\"description\":\"Co-founder &amp; Head de Projetos @ Ag\u00eancia Temperim\",\"sameAs\":[\"https:\\\/\\\/temperim.com\\\/\"]}]}<\/script>\n<!-- \/ Yoast SEO plugin. -->","yoast_head_json":{"title":"FOTOS vs. ILUSTRA\u00c7\u00d5ES: quando usar - Mexid\u00e3o","description":"Geralmente h\u00e1 uma diferen\u00e7a \u00f3bvia entre fotos e ilustra\u00e7\u00f5es, mas o que pode n\u00e3o ser t\u00e3o \u00f3bvio \u00e9 saber quando \u00e9 melhor usar uma fotografia ou uma ilustra\u00e7\u00e3o em um respectivo projeto.","robots":{"index":"index","follow":"follow","max-snippet":"max-snippet:-1","max-image-preview":"max-image-preview:large","max-video-preview":"max-video-preview:-1"},"canonical":"https:\/\/temperim.com\/blog\/fotos-vs-ilustracoes-quando-usar-qual-formato\/","og_locale":"pt_BR","og_type":"article","og_title":"FOTOS vs. ILUSTRA\u00c7\u00d5ES: quando usar - Mexid\u00e3o","og_description":"Geralmente h\u00e1 uma diferen\u00e7a \u00f3bvia entre fotos e ilustra\u00e7\u00f5es, mas o que pode n\u00e3o ser t\u00e3o \u00f3bvio \u00e9 saber quando \u00e9 melhor usar uma fotografia ou uma ilustra\u00e7\u00e3o em um respectivo projeto.","og_url":"https:\/\/temperim.com\/blog\/fotos-vs-ilustracoes-quando-usar-qual-formato\/","og_site_name":"Mexid\u00e3o","article_published_time":"2015-09-24T16:24:00+00:00","article_modified_time":"2021-05-19T16:56:53+00:00","og_image":[{"url":"http:\/\/www.temperim.com\/blog\/wp-content\/uploads\/2015\/09\/fotovsilustra.jpg","type":"","width":"","height":""}],"author":"Daniela Pereira","twitter_card":"summary_large_image","twitter_title":"FOTOS vs. ILUSTRA\u00c7\u00d5ES: quando usar - Mexid\u00e3o","twitter_description":"Geralmente h\u00e1 uma diferen\u00e7a \u00f3bvia entre fotos e ilustra\u00e7\u00f5es, mas o que pode n\u00e3o ser t\u00e3o \u00f3bvio \u00e9 saber quando \u00e9 melhor usar uma fotografia ou uma ilustra\u00e7\u00e3o em um respectivo projeto.","twitter_image":"http:\/\/www.temperim.com\/blog\/wp-content\/uploads\/2015\/09\/fotovsilustra.jpg","twitter_misc":{"Escrito por":"Daniela Pereira","Est. tempo de leitura":"3 minutos"},"schema":{"@context":"https:\/\/schema.org","@graph":[{"@type":"Article","@id":"https:\/\/temperim.com\/blog\/fotos-vs-ilustracoes-quando-usar-qual-formato\/#article","isPartOf":{"@id":"https:\/\/temperim.com\/blog\/fotos-vs-ilustracoes-quando-usar-qual-formato\/"},"author":{"name":"Daniela Pereira","@id":"https:\/\/temperim.com\/blog\/#\/schema\/person\/316adb7d808d2b38684b0e176d037cfe"},"headline":"FOTOS vs. ILUSTRA\u00c7\u00d5ES: quando usar qual formato","datePublished":"2015-09-24T16:24:00+00:00","dateModified":"2021-05-19T16:56:53+00:00","mainEntityOfPage":{"@id":"https:\/\/temperim.com\/blog\/fotos-vs-ilustracoes-quando-usar-qual-formato\/"},"wordCount":629,"publisher":{"@id":"https:\/\/temperim.com\/blog\/#organization"},"image":{"@id":"https:\/\/temperim.com\/blog\/fotos-vs-ilustracoes-quando-usar-qual-formato\/#primaryimage"},"thumbnailUrl":"https:\/\/temperim.com\/blog\/wp-content\/uploads\/2015\/09\/fotovsilustra.jpg","keywords":["foto","fotografia","ilustra\u00e7\u00e3o","imagens"],"articleSection":["Dica do Chef","Fique por Dentro"],"inLanguage":"pt-BR"},{"@type":"WebPage","@id":"https:\/\/temperim.com\/blog\/fotos-vs-ilustracoes-quando-usar-qual-formato\/","url":"https:\/\/temperim.com\/blog\/fotos-vs-ilustracoes-quando-usar-qual-formato\/","name":"FOTOS vs. ILUSTRA\u00c7\u00d5ES: quando usar - Mexid\u00e3o","isPartOf":{"@id":"https:\/\/temperim.com\/blog\/#website"},"primaryImageOfPage":{"@id":"https:\/\/temperim.com\/blog\/fotos-vs-ilustracoes-quando-usar-qual-formato\/#primaryimage"},"image":{"@id":"https:\/\/temperim.com\/blog\/fotos-vs-ilustracoes-quando-usar-qual-formato\/#primaryimage"},"thumbnailUrl":"https:\/\/temperim.com\/blog\/wp-content\/uploads\/2015\/09\/fotovsilustra.jpg","datePublished":"2015-09-24T16:24:00+00:00","dateModified":"2021-05-19T16:56:53+00:00","description":"Geralmente h\u00e1 uma diferen\u00e7a \u00f3bvia entre fotos e ilustra\u00e7\u00f5es, mas o que pode n\u00e3o ser t\u00e3o \u00f3bvio \u00e9 saber quando \u00e9 melhor usar uma fotografia ou uma ilustra\u00e7\u00e3o em um respectivo projeto.","breadcrumb":{"@id":"https:\/\/temperim.com\/blog\/fotos-vs-ilustracoes-quando-usar-qual-formato\/#breadcrumb"},"inLanguage":"pt-BR","potentialAction":[{"@type":"ReadAction","target":["https:\/\/temperim.com\/blog\/fotos-vs-ilustracoes-quando-usar-qual-formato\/"]}]},{"@type":"ImageObject","inLanguage":"pt-BR","@id":"https:\/\/temperim.com\/blog\/fotos-vs-ilustracoes-quando-usar-qual-formato\/#primaryimage","url":"https:\/\/temperim.com\/blog\/wp-content\/uploads\/2015\/09\/fotovsilustra.jpg","contentUrl":"https:\/\/temperim.com\/blog\/wp-content\/uploads\/2015\/09\/fotovsilustra.jpg","width":750,"height":410},{"@type":"BreadcrumbList","@id":"https:\/\/temperim.com\/blog\/fotos-vs-ilustracoes-quando-usar-qual-formato\/#breadcrumb","itemListElement":[{"@type":"ListItem","position":1,"name":"Home","item":"https:\/\/temperim.com\/blog\/"},{"@type":"ListItem","position":2,"name":"Dica do Chef","item":"https:\/\/temperim.com\/blog\/categoria\/dica-do-chef\/"},{"@type":"ListItem","position":3,"name":"FOTOS vs. ILUSTRA\u00c7\u00d5ES: quando usar qual formato"}]},{"@type":"WebSite","@id":"https:\/\/temperim.com\/blog\/#website","url":"https:\/\/temperim.com\/blog\/","name":"Mexid\u00e3o - o blog da Ag\u00eancia Temperim","description":"o blog da Ag\u00eancia Temperim","publisher":{"@id":"https:\/\/temperim.com\/blog\/#organization"},"alternateName":"Mexid\u00e3o - o blog da Ag\u00eancia Temperim","potentialAction":[{"@type":"SearchAction","target":{"@type":"EntryPoint","urlTemplate":"https:\/\/temperim.com\/blog\/?s={search_term_string}"},"query-input":{"@type":"PropertyValueSpecification","valueRequired":true,"valueName":"search_term_string"}}],"inLanguage":"pt-BR"},{"@type":"Organization","@id":"https:\/\/temperim.com\/blog\/#organization","name":"Mexid\u00e3o - o blog da Ag\u00eancia Temperim","alternateName":"Mexid\u00e3o - o blog da Ag\u00eancia Temperim","url":"https:\/\/temperim.com\/blog\/","logo":{"@type":"ImageObject","inLanguage":"pt-BR","@id":"https:\/\/temperim.com\/blog\/#\/schema\/logo\/image\/","url":"https:\/\/temperim.com\/blog\/wp-content\/uploads\/2026\/06\/mexidao2-e1777947401510.png","contentUrl":"https:\/\/temperim.com\/blog\/wp-content\/uploads\/2026\/06\/mexidao2-e1777947401510.png","width":1300,"height":460,"caption":"Mexid\u00e3o - o blog da Ag\u00eancia Temperim"},"image":{"@id":"https:\/\/temperim.com\/blog\/#\/schema\/logo\/image\/"},"sameAs":["https:\/\/www.instagram.com\/agenciatemperim\/","https:\/\/www.linkedin.com\/company\/agenciatemperim\/"]},{"@type":"Person","@id":"https:\/\/temperim.com\/blog\/#\/schema\/person\/316adb7d808d2b38684b0e176d037cfe","name":"Daniela Pereira","pronouns":"ela\/dela","image":{"@type":"ImageObject","inLanguage":"pt-BR","@id":"https:\/\/temperim.com\/blog\/wp-content\/litespeed\/avatar\/f536d8fd357c722186d9d4d125854110.jpg?ver=1788316506","url":"https:\/\/temperim.com\/blog\/wp-content\/litespeed\/avatar\/f536d8fd357c722186d9d4d125854110.jpg?ver=1788316506","contentUrl":"https:\/\/temperim.com\/blog\/wp-content\/litespeed\/avatar\/f536d8fd357c722186d9d4d125854110.jpg?ver=1788316506","caption":"Daniela Pereira"},"description":"Co-founder &amp; Head de Projetos @ Ag\u00eancia Temperim","sameAs":["https:\/\/temperim.com\/"]}]}},"_links":{"self":[{"href":"https:\/\/temperim.com\/blog\/wp-json\/wp\/v2\/posts\/189","targetHints":{"allow":["GET"]}}],"collection":[{"href":"https:\/\/temperim.com\/blog\/wp-json\/wp\/v2\/posts"}],"about":[{"href":"https:\/\/temperim.com\/blog\/wp-json\/wp\/v2\/types\/post"}],"author":[{"embeddable":true,"href":"https:\/\/temperim.com\/blog\/wp-json\/wp\/v2\/users\/2"}],"replies":[{"embeddable":true,"href":"https:\/\/temperim.com\/blog\/wp-json\/wp\/v2\/comments?post=189"}],"version-history":[{"count":5,"href":"https:\/\/temperim.com\/blog\/wp-json\/wp\/v2\/posts\/189\/revisions"}],"predecessor-version":[{"id":1188,"href":"https:\/\/temperim.com\/blog\/wp-json\/wp\/v2\/posts\/189\/revisions\/1188"}],"wp:featuredmedia":[{"embeddable":true,"href":"https:\/\/temperim.com\/blog\/wp-json\/wp\/v2\/media\/193"}],"wp:attachment":[{"href":"https:\/\/temperim.com\/blog\/wp-json\/wp\/v2\/media?parent=189"}],"wp:term":[{"taxonomy":"category","embeddable":true,"href":"https:\/\/temperim.com\/blog\/wp-json\/wp\/v2\/categories?post=189"},{"taxonomy":"post_tag","embeddable":true,"href":"https:\/\/temperim.com\/blog\/wp-json\/wp\/v2\/tags?post=189"}],"curies":[{"name":"wp","href":"https:\/\/api.w.org\/{rel}","templated":true}]}}