{"id":1836,"date":"2026-08-18T16:40:43","date_gmt":"2026-08-18T19:40:43","guid":{"rendered":"https:\/\/temperim.com\/blog\/?p=1836"},"modified":"2026-08-17T16:49:23","modified_gmt":"2026-08-17T19:49:23","slug":"comunicacao-interna-como-ferramenta-de-retencao","status":"publish","type":"post","link":"https:\/\/temperim.com\/blog\/comunicacao-interna-como-ferramenta-de-retencao\/","title":{"rendered":"Comunica\u00e7\u00e3o interna como ferramenta estrat\u00e9gica de reten\u00e7\u00e3o"},"content":{"rendered":"<p>Existe uma pergunta que toda lideran\u00e7a de RH j\u00e1 se fez em algum momento: por que um profissional bom, bem remunerado e com benef\u00edcios competitivos decide sair?<\/p>\n<p>A resposta raramente \u00e9 o sal\u00e1rio. Na maioria das vezes, \u00e9 algo mais dif\u00edcil de medir e mais f\u00e1cil de ignorar: a sensa\u00e7\u00e3o de n\u00e3o pertencer, de n\u00e3o ser visto, de n\u00e3o entender para onde a empresa est\u00e1 indo ou qual \u00e9 o seu papel nessa jornada.<\/p>\n<p>Comunica\u00e7\u00e3o interna resolve isso. Quando feita com estrat\u00e9gia.<\/p>\n<h2>O que a comunica\u00e7\u00e3o interna tem a ver com reten\u00e7\u00e3o<\/h2>\n<p>Reten\u00e7\u00e3o de talentos virou prioridade em praticamente todas as pautas de RH. E com raz\u00e3o. O custo de substituir um colaborador, considerando desligamento, recrutamento, sele\u00e7\u00e3o, onboarding e curva de aprendizado, pode chegar a at\u00e9 duas vezes o sal\u00e1rio anual do profissional, dependendo do cargo e do setor.<\/p>\n<p>Mas a maioria das iniciativas de reten\u00e7\u00e3o ainda foca no que \u00e9 mais vis\u00edvel: sal\u00e1rio, benef\u00edcios, plano de carreira. Tudo isso importa. S\u00f3 que n\u00e3o \u00e9 suficiente.<\/p>\n<p>O que faz um profissional escolher ficar, muitas vezes, \u00e9 algo mais subjetivo e mais poderoso: a qualidade da experi\u00eancia que ele tem dentro da empresa. E essa experi\u00eancia \u00e9 moldada, em grande parte, pela comunica\u00e7\u00e3o.<\/p>\n<p>Como a empresa se comunica com quem trabalha nela diz muito sobre como ela enxerga essas pessoas. Uma comunica\u00e7\u00e3o interna bem feita transmite respeito, clareza, dire\u00e7\u00e3o e pertencimento. Uma comunica\u00e7\u00e3o interna negligenciada transmite o oposto, mesmo que ningu\u00e9m perceba isso de forma consciente.<\/p>\n<p><img fetchpriority=\"high\" decoding=\"async\" class=\"aligncenter size-full wp-image-1838\" src=\"https:\/\/temperim.com\/blog\/wp-content\/uploads\/2026\/08\/Comunicacao-interna-como-ferramenta-estrategica-de-retencao-2.jpg\" alt=\"Comunica\u00e7\u00e3o interna como ferramenta estrat\u00e9gica de reten\u00e7\u00e3o\" width=\"1920\" height=\"1080\" srcset=\"https:\/\/temperim.com\/blog\/wp-content\/uploads\/2026\/08\/Comunicacao-interna-como-ferramenta-estrategica-de-retencao-2.jpg 1920w, https:\/\/temperim.com\/blog\/wp-content\/uploads\/2026\/08\/Comunicacao-interna-como-ferramenta-estrategica-de-retencao-2-300x169.jpg 300w, https:\/\/temperim.com\/blog\/wp-content\/uploads\/2026\/08\/Comunicacao-interna-como-ferramenta-estrategica-de-retencao-2-1024x576.jpg 1024w, https:\/\/temperim.com\/blog\/wp-content\/uploads\/2026\/08\/Comunicacao-interna-como-ferramenta-estrategica-de-retencao-2-768x432.jpg 768w, https:\/\/temperim.com\/blog\/wp-content\/uploads\/2026\/08\/Comunicacao-interna-como-ferramenta-estrategica-de-retencao-2-1536x864.jpg 1536w\" sizes=\"(max-width: 1920px) 100vw, 1920px\" \/><\/p>\n<h2>O erro mais comum: tratar comunica\u00e7\u00e3o interna como avisos<\/h2>\n<p>Na maioria das empresas, a comunica\u00e7\u00e3o interna ainda opera no modo reativo. Ela existe para informar, n\u00e3o para engajar. Para comunicar decis\u00f5es j\u00e1 tomadas, n\u00e3o para construir cultura. Para resolver o urgente, n\u00e3o para cultivar o importante.<\/p>\n<p>O resultado \u00e9 uma s\u00e9rie de e-mails que ningu\u00e9m l\u00ea, cartazes que ningu\u00e9m olha, murais desatualizados e comunicados que chegam tarde demais para fazer diferen\u00e7a.<\/p>\n<p>Isso n\u00e3o \u00e9 comunica\u00e7\u00e3o interna. \u00c9 ru\u00eddo.<\/p>\n<p>Comunica\u00e7\u00e3o interna estrat\u00e9gica parte de uma premissa diferente: o colaborador \u00e9 o primeiro p\u00fablico da empresa, e merece tanto cuidado e criatividade quanto qualquer campanha voltada para o cliente externo. \u00c0s vezes, mais.<\/p>\n<h2>O que comunica\u00e7\u00e3o interna estrat\u00e9gica entrega na pr\u00e1tica<\/h2>\n<h3>Clareza de dire\u00e7\u00e3o<\/h3>\n<p>Colaboradores que entendem para onde a empresa est\u00e1 indo, quais s\u00e3o as metas e qual \u00e9 o papel de cada um nesse caminho, trabalham com mais foco e mais motiva\u00e7\u00e3o. A falta de clareza gera ansiedade, desengajamento e, eventualmente, sa\u00edda.<\/p>\n<h3>Senso de pertencimento<\/h3>\n<p>Reconhecimento de conquistas, celebra\u00e7\u00e3o de datas importantes, comunica\u00e7\u00e3o de valores e cultura de forma consistente e criativa criam v\u00ednculos emocionais com a empresa que v\u00e3o al\u00e9m da rela\u00e7\u00e3o contratual. Pessoas que se sentem parte de algo maior tendem a investir mais de si mesmas no trabalho e a pensar duas vezes antes de aceitar uma proposta do concorrente.<\/p>\n<h3>Confian\u00e7a na lideran\u00e7a<\/h3>\n<p>Transpar\u00eancia na comunica\u00e7\u00e3o de resultados, desafios e decis\u00f5es constr\u00f3i credibilidade. L\u00edderes que comunicam bem s\u00e3o percebidos como mais competentes e mais confi\u00e1veis. E confian\u00e7a \u00e9 um dos principais fatores de reten\u00e7\u00e3o que as pesquisas de clima apontam repetidamente.<\/p>\n<h3>Engajamento com metas e resultados<\/h3>\n<p>Quando as metas s\u00e3o comunicadas de forma visual, clara e motivadora, e quando os resultados s\u00e3o celebrados com a mesma energia, o time passa a enxergar os n\u00fameros da empresa como seus pr\u00f3prios n\u00fameros. Isso muda comportamento, muda performance e muda o n\u00edvel de comprometimento com o resultado coletivo.<\/p>\n<h2>Comunica\u00e7\u00e3o interna e employer branding: a conex\u00e3o que muitos ignoram<\/h2>\n<p>Comunica\u00e7\u00e3o interna e employer branding n\u00e3o s\u00e3o frentes separadas. Elas se alimentam mutuamente.<\/p>\n<p>A reputa\u00e7\u00e3o de uma empresa como lugar bom para trabalhar \u00e9 constru\u00edda, em grande parte, pelo que os pr\u00f3prios colaboradores falam sobre ela, dentro e fora do ambiente corporativo. E o que eles falam \u00e9 diretamente influenciado pelo que eles vivem.<\/p>\n<p>Uma empresa que comunica bem internamente, que reconhece, que informa, que celebra e que trata seus colaboradores como adultos inteligentes, cria embaixadores naturais de marca. Pessoas que falam bem do lugar onde trabalham, que indicam amigos para vagas, que constroem a reputa\u00e7\u00e3o da empresa no mercado sem que nenhuma campanha de employer branding precise for\u00e7ar isso.<\/p>\n<p>O contr\u00e1rio tamb\u00e9m \u00e9 verdade. Uma comunica\u00e7\u00e3o interna falha, ou inexistente, gera insatisfa\u00e7\u00e3o que vaza. E no mundo onde o Glassdoor, o LinkedIn e o boca a boca digital s\u00e3o t\u00e3o poderosos, essa insatisfa\u00e7\u00e3o tem alcance e impacto real no processo seletivo.<\/p>\n<h2>O papel da produ\u00e7\u00e3o criativa na comunica\u00e7\u00e3o interna<\/h2>\n<p>Aqui est\u00e1 um ponto que merece aten\u00e7\u00e3o especial: comunica\u00e7\u00e3o interna eficiente n\u00e3o \u00e9 s\u00f3 uma quest\u00e3o de estrat\u00e9gia. \u00c9 tamb\u00e9m uma quest\u00e3o de execu\u00e7\u00e3o.<\/p>\n<p>De nada adianta ter clareza sobre o que comunicar se os materiais s\u00e3o visuais pobres, se os e-mails marketing s\u00e3o gen\u00e9ricos, se os cartazes parecem feitos \u00e0s pressas ou se a TV interna repete o mesmo conte\u00fado h\u00e1 meses. A forma como a mensagem chega importa tanto quanto o conte\u00fado dela.<\/p>\n<p>Isso significa que a qualidade da produ\u00e7\u00e3o criativa, pe\u00e7as visuais, campanhas internas, materiais para eventos, conte\u00fado para intranet e redes sociais corporativas, tem impacto direto na efetividade da comunica\u00e7\u00e3o e, consequentemente, no engajamento e na reten\u00e7\u00e3o.<\/p>\n<p>Empresas que investem em comunica\u00e7\u00e3o interna visualmente cuidadosa e criativamente relevante transmitem uma mensagem impl\u00edcita poderosa: voc\u00eas importam o suficiente para a gente se dedicar a isso.<\/p>\n<h2>Quem \u00e9 respons\u00e1vel pela comunica\u00e7\u00e3o interna<\/h2>\n<p>Essa \u00e9 uma pergunta que gera mais confus\u00e3o do que deveria.<\/p>\n<p>Em muitas empresas, a comunica\u00e7\u00e3o interna fica numa zona de indefini\u00e7\u00e3o entre RH e marketing. RH cuida do conte\u00fado e da estrat\u00e9gia, mas n\u00e3o tem estrutura criativa para executar com qualidade. Marketing tem a estrutura, mas est\u00e1 com foco no cliente externo e n\u00e3o tem tempo nem prioridade para atender as demandas internas com a agilidade que elas exigem.<\/p>\n<p>O resultado \u00e9 uma comunica\u00e7\u00e3o interna que fica sempre em segundo plano, executada com o que sobra de tempo e de or\u00e7amento, e que raramente reflete a qualidade que a empresa gostaria de transmitir internamente.<\/p>\n<p>A solu\u00e7\u00e3o que empresas mais maduras est\u00e3o encontrando \u00e9 contar com um parceiro externo especializado para apoiar a execu\u00e7\u00e3o criativa, aliviando a press\u00e3o sobre o time interno e garantindo qualidade, agilidade e consist\u00eancia nas entregas. Isso permite que o RH cuide do que \u00e9 estrat\u00e9gico, que \u00e9 a rela\u00e7\u00e3o com as pessoas, enquanto a produ\u00e7\u00e3o fica com quem tem estrutura para isso.<\/p>\n<h2>Indicadores que mostram se sua comunica\u00e7\u00e3o interna precisa de aten\u00e7\u00e3o<\/h2>\n<p>Nem sempre \u00e9 f\u00e1cil perceber que a comunica\u00e7\u00e3o interna est\u00e1 falhando antes que os efeitos apare\u00e7am no turnover e nas pesquisas de clima. Alguns sinais merecem aten\u00e7\u00e3o:<\/p>\n<ul>\n<li>Taxa de abertura baixa nos e-mails internos. Se os colaboradores n\u00e3o abrem os comunicados, a mensagem n\u00e3o chega. E se a mensagem n\u00e3o chega, a comunica\u00e7\u00e3o n\u00e3o existe.<\/li>\n<li>Pesquisas de clima com notas baixas em clareza de lideran\u00e7a e senso de pertencimento. Esses dois indicadores t\u00eam correla\u00e7\u00e3o direta com a qualidade da comunica\u00e7\u00e3o interna.<\/li>\n<li>Queixas recorrentes de &#8220;falta de informa\u00e7\u00e3o&#8221; nas entrevistas de desligamento. Quando pessoas que saem dizem que n\u00e3o sabiam o que estava acontecendo na empresa, \u00e9 um sinal claro de falha de comunica\u00e7\u00e3o.<\/li>\n<li>Baixo engajamento em campanhas e a\u00e7\u00f5es internas. Se os colaboradores n\u00e3o participam, provavelmente \u00e9 porque as a\u00e7\u00f5es n\u00e3o chegam at\u00e9 eles de forma relevante ou n\u00e3o geram identifica\u00e7\u00e3o.<\/li>\n<\/ul>\n<h2>Por onde come\u00e7ar<\/h2>\n<p>O primeiro movimento \u00e9 diagn\u00f3stico. Entender quais canais a empresa usa hoje, com que frequ\u00eancia, com que qualidade e com que resultado. Isso revela rapidamente onde est\u00e3o os gargalos e onde est\u00e3o as oportunidades.<\/p>\n<p>O segundo movimento \u00e9 definir prioridades. N\u00e3o \u00e9 preciso transformar tudo de uma vez. \u00c0s vezes, uma campanha interna bem feita, um ciclo de reconhecimento consistente ou uma melhoria na qualidade visual dos comunicados j\u00e1 gera impacto percept\u00edvel no engajamento do time.<\/p>\n<p>O terceiro movimento \u00e9 garantir consist\u00eancia. Comunica\u00e7\u00e3o interna que funciona n\u00e3o \u00e9 um projeto pontual. \u00c9 uma pr\u00e1tica cont\u00ednua, com ritmo, com calend\u00e1rio e com qualidade mantida ao longo do tempo. Assim como o marketing externo, ela precisa de const\u00e2ncia para construir resultado.<\/p>\n<h3>E por fim&#8230;<\/h3>\n<p>Reten\u00e7\u00e3o de talentos n\u00e3o come\u00e7a no momento em que um colaborador decide sair. Come\u00e7a muito antes, na experi\u00eancia cotidiana que ele tem dentro da empresa. E essa experi\u00eancia \u00e9 moldada, dia ap\u00f3s dia, pela qualidade da comunica\u00e7\u00e3o.<\/p>\n<p>Empresas que tratam comunica\u00e7\u00e3o interna como ferramenta estrat\u00e9gica constroem culturas mais fortes, times mais engajados e ambientes onde as pessoas escolhem ficar, n\u00e3o porque n\u00e3o t\u00eam op\u00e7\u00e3o, mas porque se sentem parte de algo que vale a pena.<\/p>\n<p>Isso tem impacto direto nos resultados, no clima, na performance e no turnover.<\/p>\n<p>Se sua empresa ainda trata comunica\u00e7\u00e3o interna como avisos e cartazes, talvez seja hora de repensar o papel que ela pode ter na estrat\u00e9gia de pessoas.<\/p>\n<p>A Temperim tem expertise em comunica\u00e7\u00e3o interna e trabalha como parceira criativa de equipes de RH que querem entregar mais, com mais qualidade e sem precisar inflar o time interno.<\/p>\n<p><strong><a href=\"https:\/\/temperim.com\/contato\/?utm_source=blog&amp;utm_medium=organic&amp;utm_campaign=post_blog&amp;utm_content=comunicacao_interna\" target=\"_blank\" rel=\"noopener\">Entre e contato!<\/a><\/strong><\/p>\n","protected":false},"excerpt":{"rendered":"<p>Comunica\u00e7\u00e3o interna bem feita reduz turnover, fortalece cultura e constr\u00f3i pertencimento. Entenda como transform\u00e1-la em ferramenta estrat\u00e9gica de reten\u00e7\u00e3o de talentos.<\/p>\n","protected":false},"author":2,"featured_media":1837,"comment_status":"closed","ping_status":"open","sticky":false,"template":"","format":"standard","meta":{"footnotes":""},"categories":[3],"tags":[313,318,317,314,319,320,315,316,289],"class_list":["post-1836","post","type-post","status-publish","format-standard","has-post-thumbnail","hentry","category-dica-do-chef","tag-comunicacao-interna","tag-cultura-organizacional","tag-employer-branding","tag-endomarketing","tag-engajamento","tag-gestao-de-pessoas","tag-retencao-de-talentos","tag-rh","tag-temperim"],"yoast_head":"<!-- This site is optimized with the Yoast SEO plugin v28.3 - https:\/\/yoast.com\/product\/yoast-seo-wordpress\/ -->\n<title>Comunica\u00e7\u00e3o interna como ferramenta estrat\u00e9gica de reten\u00e7\u00e3o - Mexid\u00e3o<\/title>\n<meta name=\"description\" content=\"Comunica\u00e7\u00e3o interna bem feita reduz turnover, fortalece cultura e constr\u00f3i pertencimento. Entenda como transform\u00e1-la em ferramenta estrat\u00e9gica de reten\u00e7\u00e3o de talentos.\" \/>\n<meta name=\"robots\" content=\"index, follow, max-snippet:-1, max-image-preview:large, max-video-preview:-1\" \/>\n<link rel=\"canonical\" href=\"https:\/\/temperim.com\/blog\/comunicacao-interna-como-ferramenta-de-retencao\/\" \/>\n<meta property=\"og:locale\" content=\"pt_BR\" \/>\n<meta property=\"og:type\" content=\"article\" \/>\n<meta property=\"og:title\" content=\"Comunica\u00e7\u00e3o interna como ferramenta estrat\u00e9gica de reten\u00e7\u00e3o - Mexid\u00e3o\" \/>\n<meta property=\"og:description\" content=\"Comunica\u00e7\u00e3o interna bem feita reduz turnover, fortalece cultura e constr\u00f3i pertencimento. Entenda como transform\u00e1-la em ferramenta estrat\u00e9gica de reten\u00e7\u00e3o de talentos.\" \/>\n<meta property=\"og:url\" content=\"https:\/\/temperim.com\/blog\/comunicacao-interna-como-ferramenta-de-retencao\/\" \/>\n<meta property=\"og:site_name\" content=\"Mexid\u00e3o\" \/>\n<meta property=\"article:published_time\" content=\"2026-08-18T19:40:43+00:00\" \/>\n<meta property=\"og:image\" content=\"https:\/\/temperim.com\/blog\/wp-content\/uploads\/2026\/08\/Comunicacao-interna-como-ferramenta-estrategica-de-retencao-1.jpg\" \/>\n\t<meta property=\"og:image:width\" content=\"1920\" \/>\n\t<meta property=\"og:image:height\" content=\"1080\" \/>\n\t<meta property=\"og:image:type\" content=\"image\/jpeg\" \/>\n<meta name=\"author\" content=\"Daniela Pereira\" \/>\n<meta name=\"twitter:card\" content=\"summary_large_image\" \/>\n<meta name=\"twitter:label1\" content=\"Escrito por\" \/>\n\t<meta name=\"twitter:data1\" content=\"Daniela Pereira\" \/>\n\t<meta name=\"twitter:label2\" content=\"Est. tempo de leitura\" \/>\n\t<meta name=\"twitter:data2\" content=\"9 minutos\" \/>\n<script type=\"application\/ld+json\" class=\"yoast-schema-graph\">{\"@context\":\"https:\\\/\\\/schema.org\",\"@graph\":[{\"@type\":\"Article\",\"@id\":\"https:\\\/\\\/temperim.com\\\/blog\\\/comunicacao-interna-como-ferramenta-de-retencao\\\/#article\",\"isPartOf\":{\"@id\":\"https:\\\/\\\/temperim.com\\\/blog\\\/comunicacao-interna-como-ferramenta-de-retencao\\\/\"},\"author\":{\"name\":\"Daniela Pereira\",\"@id\":\"https:\\\/\\\/temperim.com\\\/blog\\\/#\\\/schema\\\/person\\\/316adb7d808d2b38684b0e176d037cfe\"},\"headline\":\"Comunica\u00e7\u00e3o interna como ferramenta estrat\u00e9gica de reten\u00e7\u00e3o\",\"datePublished\":\"2026-08-18T19:40:43+00:00\",\"mainEntityOfPage\":{\"@id\":\"https:\\\/\\\/temperim.com\\\/blog\\\/comunicacao-interna-como-ferramenta-de-retencao\\\/\"},\"wordCount\":1632,\"publisher\":{\"@id\":\"https:\\\/\\\/temperim.com\\\/blog\\\/#organization\"},\"image\":{\"@id\":\"https:\\\/\\\/temperim.com\\\/blog\\\/comunicacao-interna-como-ferramenta-de-retencao\\\/#primaryimage\"},\"thumbnailUrl\":\"https:\\\/\\\/temperim.com\\\/blog\\\/wp-content\\\/uploads\\\/2026\\\/08\\\/Comunicacao-interna-como-ferramenta-estrategica-de-retencao-1.jpg\",\"keywords\":[\"Comunica\u00e7\u00e3o Interna\",\"Cultura Organizacional\",\"Employer Branding\",\"Endomarketing\",\"Engajamento\",\"Gest\u00e3o de Pessoas\",\"Reten\u00e7\u00e3o de Talentos\",\"RH\",\"Temperim\"],\"articleSection\":[\"Dica do Chef\"],\"inLanguage\":\"pt-BR\"},{\"@type\":\"WebPage\",\"@id\":\"https:\\\/\\\/temperim.com\\\/blog\\\/comunicacao-interna-como-ferramenta-de-retencao\\\/\",\"url\":\"https:\\\/\\\/temperim.com\\\/blog\\\/comunicacao-interna-como-ferramenta-de-retencao\\\/\",\"name\":\"Comunica\u00e7\u00e3o interna como ferramenta estrat\u00e9gica de reten\u00e7\u00e3o - Mexid\u00e3o\",\"isPartOf\":{\"@id\":\"https:\\\/\\\/temperim.com\\\/blog\\\/#website\"},\"primaryImageOfPage\":{\"@id\":\"https:\\\/\\\/temperim.com\\\/blog\\\/comunicacao-interna-como-ferramenta-de-retencao\\\/#primaryimage\"},\"image\":{\"@id\":\"https:\\\/\\\/temperim.com\\\/blog\\\/comunicacao-interna-como-ferramenta-de-retencao\\\/#primaryimage\"},\"thumbnailUrl\":\"https:\\\/\\\/temperim.com\\\/blog\\\/wp-content\\\/uploads\\\/2026\\\/08\\\/Comunicacao-interna-como-ferramenta-estrategica-de-retencao-1.jpg\",\"datePublished\":\"2026-08-18T19:40:43+00:00\",\"description\":\"Comunica\u00e7\u00e3o interna bem feita reduz turnover, fortalece cultura e constr\u00f3i pertencimento. Entenda como transform\u00e1-la em ferramenta estrat\u00e9gica de reten\u00e7\u00e3o de talentos.\",\"breadcrumb\":{\"@id\":\"https:\\\/\\\/temperim.com\\\/blog\\\/comunicacao-interna-como-ferramenta-de-retencao\\\/#breadcrumb\"},\"inLanguage\":\"pt-BR\",\"potentialAction\":[{\"@type\":\"ReadAction\",\"target\":[\"https:\\\/\\\/temperim.com\\\/blog\\\/comunicacao-interna-como-ferramenta-de-retencao\\\/\"]}]},{\"@type\":\"ImageObject\",\"inLanguage\":\"pt-BR\",\"@id\":\"https:\\\/\\\/temperim.com\\\/blog\\\/comunicacao-interna-como-ferramenta-de-retencao\\\/#primaryimage\",\"url\":\"https:\\\/\\\/temperim.com\\\/blog\\\/wp-content\\\/uploads\\\/2026\\\/08\\\/Comunicacao-interna-como-ferramenta-estrategica-de-retencao-1.jpg\",\"contentUrl\":\"https:\\\/\\\/temperim.com\\\/blog\\\/wp-content\\\/uploads\\\/2026\\\/08\\\/Comunicacao-interna-como-ferramenta-estrategica-de-retencao-1.jpg\",\"width\":1920,\"height\":1080,\"caption\":\"Comunica\u00e7\u00e3o interna como ferramenta estrat\u00e9gica de reten\u00e7\u00e3o\"},{\"@type\":\"BreadcrumbList\",\"@id\":\"https:\\\/\\\/temperim.com\\\/blog\\\/comunicacao-interna-como-ferramenta-de-retencao\\\/#breadcrumb\",\"itemListElement\":[{\"@type\":\"ListItem\",\"position\":1,\"name\":\"Home\",\"item\":\"https:\\\/\\\/temperim.com\\\/blog\\\/\"},{\"@type\":\"ListItem\",\"position\":2,\"name\":\"Dica do Chef\",\"item\":\"https:\\\/\\\/temperim.com\\\/blog\\\/categoria\\\/dica-do-chef\\\/\"},{\"@type\":\"ListItem\",\"position\":3,\"name\":\"Comunica\u00e7\u00e3o interna como ferramenta estrat\u00e9gica de reten\u00e7\u00e3o\"}]},{\"@type\":\"WebSite\",\"@id\":\"https:\\\/\\\/temperim.com\\\/blog\\\/#website\",\"url\":\"https:\\\/\\\/temperim.com\\\/blog\\\/\",\"name\":\"Mexid\u00e3o - o blog da Ag\u00eancia Temperim\",\"description\":\"o blog da Ag\u00eancia Temperim\",\"publisher\":{\"@id\":\"https:\\\/\\\/temperim.com\\\/blog\\\/#organization\"},\"alternateName\":\"Mexid\u00e3o - o blog da Ag\u00eancia Temperim\",\"potentialAction\":[{\"@type\":\"SearchAction\",\"target\":{\"@type\":\"EntryPoint\",\"urlTemplate\":\"https:\\\/\\\/temperim.com\\\/blog\\\/?s={search_term_string}\"},\"query-input\":{\"@type\":\"PropertyValueSpecification\",\"valueRequired\":true,\"valueName\":\"search_term_string\"}}],\"inLanguage\":\"pt-BR\"},{\"@type\":\"Organization\",\"@id\":\"https:\\\/\\\/temperim.com\\\/blog\\\/#organization\",\"name\":\"Mexid\u00e3o - o blog da Ag\u00eancia Temperim\",\"alternateName\":\"Mexid\u00e3o - o blog da Ag\u00eancia Temperim\",\"url\":\"https:\\\/\\\/temperim.com\\\/blog\\\/\",\"logo\":{\"@type\":\"ImageObject\",\"inLanguage\":\"pt-BR\",\"@id\":\"https:\\\/\\\/temperim.com\\\/blog\\\/#\\\/schema\\\/logo\\\/image\\\/\",\"url\":\"https:\\\/\\\/temperim.com\\\/blog\\\/wp-content\\\/uploads\\\/2026\\\/06\\\/mexidao2-e1777947401510.png\",\"contentUrl\":\"https:\\\/\\\/temperim.com\\\/blog\\\/wp-content\\\/uploads\\\/2026\\\/06\\\/mexidao2-e1777947401510.png\",\"width\":1300,\"height\":460,\"caption\":\"Mexid\u00e3o - o blog da Ag\u00eancia Temperim\"},\"image\":{\"@id\":\"https:\\\/\\\/temperim.com\\\/blog\\\/#\\\/schema\\\/logo\\\/image\\\/\"},\"sameAs\":[\"https:\\\/\\\/www.instagram.com\\\/agenciatemperim\\\/\",\"https:\\\/\\\/www.linkedin.com\\\/company\\\/agenciatemperim\\\/\"]},{\"@type\":\"Person\",\"@id\":\"https:\\\/\\\/temperim.com\\\/blog\\\/#\\\/schema\\\/person\\\/316adb7d808d2b38684b0e176d037cfe\",\"name\":\"Daniela Pereira\",\"pronouns\":\"ela\\\/dela\",\"image\":{\"@type\":\"ImageObject\",\"inLanguage\":\"pt-BR\",\"@id\":\"https:\\\/\\\/temperim.com\\\/blog\\\/wp-content\\\/litespeed\\\/avatar\\\/f536d8fd357c722186d9d4d125854110.jpg?ver=1788316506\",\"url\":\"https:\\\/\\\/temperim.com\\\/blog\\\/wp-content\\\/litespeed\\\/avatar\\\/f536d8fd357c722186d9d4d125854110.jpg?ver=1788316506\",\"contentUrl\":\"https:\\\/\\\/temperim.com\\\/blog\\\/wp-content\\\/litespeed\\\/avatar\\\/f536d8fd357c722186d9d4d125854110.jpg?ver=1788316506\",\"caption\":\"Daniela Pereira\"},\"description\":\"Co-founder &amp; Head de Projetos @ Ag\u00eancia Temperim\",\"sameAs\":[\"https:\\\/\\\/temperim.com\\\/\"]}]}<\/script>\n<!-- \/ Yoast SEO plugin. -->","yoast_head_json":{"title":"Comunica\u00e7\u00e3o interna como ferramenta estrat\u00e9gica de reten\u00e7\u00e3o - Mexid\u00e3o","description":"Comunica\u00e7\u00e3o interna bem feita reduz turnover, fortalece cultura e constr\u00f3i pertencimento. Entenda como transform\u00e1-la em ferramenta estrat\u00e9gica de reten\u00e7\u00e3o de talentos.","robots":{"index":"index","follow":"follow","max-snippet":"max-snippet:-1","max-image-preview":"max-image-preview:large","max-video-preview":"max-video-preview:-1"},"canonical":"https:\/\/temperim.com\/blog\/comunicacao-interna-como-ferramenta-de-retencao\/","og_locale":"pt_BR","og_type":"article","og_title":"Comunica\u00e7\u00e3o interna como ferramenta estrat\u00e9gica de reten\u00e7\u00e3o - Mexid\u00e3o","og_description":"Comunica\u00e7\u00e3o interna bem feita reduz turnover, fortalece cultura e constr\u00f3i pertencimento. Entenda como transform\u00e1-la em ferramenta estrat\u00e9gica de reten\u00e7\u00e3o de talentos.","og_url":"https:\/\/temperim.com\/blog\/comunicacao-interna-como-ferramenta-de-retencao\/","og_site_name":"Mexid\u00e3o","article_published_time":"2026-08-18T19:40:43+00:00","og_image":[{"width":1920,"height":1080,"url":"https:\/\/temperim.com\/blog\/wp-content\/uploads\/2026\/08\/Comunicacao-interna-como-ferramenta-estrategica-de-retencao-1.jpg","type":"image\/jpeg"}],"author":"Daniela Pereira","twitter_card":"summary_large_image","twitter_misc":{"Escrito por":"Daniela Pereira","Est. tempo de leitura":"9 minutos"},"schema":{"@context":"https:\/\/schema.org","@graph":[{"@type":"Article","@id":"https:\/\/temperim.com\/blog\/comunicacao-interna-como-ferramenta-de-retencao\/#article","isPartOf":{"@id":"https:\/\/temperim.com\/blog\/comunicacao-interna-como-ferramenta-de-retencao\/"},"author":{"name":"Daniela Pereira","@id":"https:\/\/temperim.com\/blog\/#\/schema\/person\/316adb7d808d2b38684b0e176d037cfe"},"headline":"Comunica\u00e7\u00e3o interna como ferramenta estrat\u00e9gica de reten\u00e7\u00e3o","datePublished":"2026-08-18T19:40:43+00:00","mainEntityOfPage":{"@id":"https:\/\/temperim.com\/blog\/comunicacao-interna-como-ferramenta-de-retencao\/"},"wordCount":1632,"publisher":{"@id":"https:\/\/temperim.com\/blog\/#organization"},"image":{"@id":"https:\/\/temperim.com\/blog\/comunicacao-interna-como-ferramenta-de-retencao\/#primaryimage"},"thumbnailUrl":"https:\/\/temperim.com\/blog\/wp-content\/uploads\/2026\/08\/Comunicacao-interna-como-ferramenta-estrategica-de-retencao-1.jpg","keywords":["Comunica\u00e7\u00e3o Interna","Cultura Organizacional","Employer Branding","Endomarketing","Engajamento","Gest\u00e3o de Pessoas","Reten\u00e7\u00e3o de Talentos","RH","Temperim"],"articleSection":["Dica do Chef"],"inLanguage":"pt-BR"},{"@type":"WebPage","@id":"https:\/\/temperim.com\/blog\/comunicacao-interna-como-ferramenta-de-retencao\/","url":"https:\/\/temperim.com\/blog\/comunicacao-interna-como-ferramenta-de-retencao\/","name":"Comunica\u00e7\u00e3o interna como ferramenta estrat\u00e9gica de reten\u00e7\u00e3o - Mexid\u00e3o","isPartOf":{"@id":"https:\/\/temperim.com\/blog\/#website"},"primaryImageOfPage":{"@id":"https:\/\/temperim.com\/blog\/comunicacao-interna-como-ferramenta-de-retencao\/#primaryimage"},"image":{"@id":"https:\/\/temperim.com\/blog\/comunicacao-interna-como-ferramenta-de-retencao\/#primaryimage"},"thumbnailUrl":"https:\/\/temperim.com\/blog\/wp-content\/uploads\/2026\/08\/Comunicacao-interna-como-ferramenta-estrategica-de-retencao-1.jpg","datePublished":"2026-08-18T19:40:43+00:00","description":"Comunica\u00e7\u00e3o interna bem feita reduz turnover, fortalece cultura e constr\u00f3i pertencimento. Entenda como transform\u00e1-la em ferramenta estrat\u00e9gica de reten\u00e7\u00e3o de talentos.","breadcrumb":{"@id":"https:\/\/temperim.com\/blog\/comunicacao-interna-como-ferramenta-de-retencao\/#breadcrumb"},"inLanguage":"pt-BR","potentialAction":[{"@type":"ReadAction","target":["https:\/\/temperim.com\/blog\/comunicacao-interna-como-ferramenta-de-retencao\/"]}]},{"@type":"ImageObject","inLanguage":"pt-BR","@id":"https:\/\/temperim.com\/blog\/comunicacao-interna-como-ferramenta-de-retencao\/#primaryimage","url":"https:\/\/temperim.com\/blog\/wp-content\/uploads\/2026\/08\/Comunicacao-interna-como-ferramenta-estrategica-de-retencao-1.jpg","contentUrl":"https:\/\/temperim.com\/blog\/wp-content\/uploads\/2026\/08\/Comunicacao-interna-como-ferramenta-estrategica-de-retencao-1.jpg","width":1920,"height":1080,"caption":"Comunica\u00e7\u00e3o interna como ferramenta estrat\u00e9gica de reten\u00e7\u00e3o"},{"@type":"BreadcrumbList","@id":"https:\/\/temperim.com\/blog\/comunicacao-interna-como-ferramenta-de-retencao\/#breadcrumb","itemListElement":[{"@type":"ListItem","position":1,"name":"Home","item":"https:\/\/temperim.com\/blog\/"},{"@type":"ListItem","position":2,"name":"Dica do Chef","item":"https:\/\/temperim.com\/blog\/categoria\/dica-do-chef\/"},{"@type":"ListItem","position":3,"name":"Comunica\u00e7\u00e3o interna como ferramenta estrat\u00e9gica de reten\u00e7\u00e3o"}]},{"@type":"WebSite","@id":"https:\/\/temperim.com\/blog\/#website","url":"https:\/\/temperim.com\/blog\/","name":"Mexid\u00e3o - o blog da Ag\u00eancia Temperim","description":"o blog da Ag\u00eancia Temperim","publisher":{"@id":"https:\/\/temperim.com\/blog\/#organization"},"alternateName":"Mexid\u00e3o - o blog da Ag\u00eancia Temperim","potentialAction":[{"@type":"SearchAction","target":{"@type":"EntryPoint","urlTemplate":"https:\/\/temperim.com\/blog\/?s={search_term_string}"},"query-input":{"@type":"PropertyValueSpecification","valueRequired":true,"valueName":"search_term_string"}}],"inLanguage":"pt-BR"},{"@type":"Organization","@id":"https:\/\/temperim.com\/blog\/#organization","name":"Mexid\u00e3o - o blog da Ag\u00eancia Temperim","alternateName":"Mexid\u00e3o - o blog da Ag\u00eancia Temperim","url":"https:\/\/temperim.com\/blog\/","logo":{"@type":"ImageObject","inLanguage":"pt-BR","@id":"https:\/\/temperim.com\/blog\/#\/schema\/logo\/image\/","url":"https:\/\/temperim.com\/blog\/wp-content\/uploads\/2026\/06\/mexidao2-e1777947401510.png","contentUrl":"https:\/\/temperim.com\/blog\/wp-content\/uploads\/2026\/06\/mexidao2-e1777947401510.png","width":1300,"height":460,"caption":"Mexid\u00e3o - o blog da Ag\u00eancia Temperim"},"image":{"@id":"https:\/\/temperim.com\/blog\/#\/schema\/logo\/image\/"},"sameAs":["https:\/\/www.instagram.com\/agenciatemperim\/","https:\/\/www.linkedin.com\/company\/agenciatemperim\/"]},{"@type":"Person","@id":"https:\/\/temperim.com\/blog\/#\/schema\/person\/316adb7d808d2b38684b0e176d037cfe","name":"Daniela Pereira","pronouns":"ela\/dela","image":{"@type":"ImageObject","inLanguage":"pt-BR","@id":"https:\/\/temperim.com\/blog\/wp-content\/litespeed\/avatar\/f536d8fd357c722186d9d4d125854110.jpg?ver=1788316506","url":"https:\/\/temperim.com\/blog\/wp-content\/litespeed\/avatar\/f536d8fd357c722186d9d4d125854110.jpg?ver=1788316506","contentUrl":"https:\/\/temperim.com\/blog\/wp-content\/litespeed\/avatar\/f536d8fd357c722186d9d4d125854110.jpg?ver=1788316506","caption":"Daniela Pereira"},"description":"Co-founder &amp; Head de Projetos @ Ag\u00eancia Temperim","sameAs":["https:\/\/temperim.com\/"]}]}},"_links":{"self":[{"href":"https:\/\/temperim.com\/blog\/wp-json\/wp\/v2\/posts\/1836","targetHints":{"allow":["GET"]}}],"collection":[{"href":"https:\/\/temperim.com\/blog\/wp-json\/wp\/v2\/posts"}],"about":[{"href":"https:\/\/temperim.com\/blog\/wp-json\/wp\/v2\/types\/post"}],"author":[{"embeddable":true,"href":"https:\/\/temperim.com\/blog\/wp-json\/wp\/v2\/users\/2"}],"replies":[{"embeddable":true,"href":"https:\/\/temperim.com\/blog\/wp-json\/wp\/v2\/comments?post=1836"}],"version-history":[{"count":4,"href":"https:\/\/temperim.com\/blog\/wp-json\/wp\/v2\/posts\/1836\/revisions"}],"predecessor-version":[{"id":1842,"href":"https:\/\/temperim.com\/blog\/wp-json\/wp\/v2\/posts\/1836\/revisions\/1842"}],"wp:featuredmedia":[{"embeddable":true,"href":"https:\/\/temperim.com\/blog\/wp-json\/wp\/v2\/media\/1837"}],"wp:attachment":[{"href":"https:\/\/temperim.com\/blog\/wp-json\/wp\/v2\/media?parent=1836"}],"wp:term":[{"taxonomy":"category","embeddable":true,"href":"https:\/\/temperim.com\/blog\/wp-json\/wp\/v2\/categories?post=1836"},{"taxonomy":"post_tag","embeddable":true,"href":"https:\/\/temperim.com\/blog\/wp-json\/wp\/v2\/tags?post=1836"}],"curies":[{"name":"wp","href":"https:\/\/api.w.org\/{rel}","templated":true}]}}