{"id":1826,"date":"2026-08-12T14:12:52","date_gmt":"2026-08-12T17:12:52","guid":{"rendered":"https:\/\/temperim.com\/blog\/?p=1826"},"modified":"2026-08-12T14:15:31","modified_gmt":"2026-08-12T17:15:31","slug":"marca-que-dorme-o-mercado-engole","status":"publish","type":"post","link":"https:\/\/temperim.com\/blog\/marca-que-dorme-o-mercado-engole\/","title":{"rendered":"Marca que dorme, o mercado engole: por que sua concorr\u00eancia j\u00e1 saiu na frente"},"content":{"rendered":"<p>Tem um momento espec\u00edfico em que uma empresa percebe que ficou pra tr\u00e1s. N\u00e3o \u00e9 quando perde um cliente. N\u00e3o \u00e9 quando o concorrente lan\u00e7a um produto novo. \u00c9 quando olha pro mercado e n\u00e3o se reconhece mais nele.<\/p>\n<p>Esse momento chega mais r\u00e1pido do que parece. E quase sempre poderia ter sido evitado.<\/p>\n<h2>O problema n\u00e3o \u00e9 a concorr\u00eancia. \u00c9 a in\u00e9rcia.<\/h2>\n<p>A maioria das empresas que perde espa\u00e7o no mercado n\u00e3o perde pra um concorrente mais inteligente ou mais criativo. Perde pra pr\u00f3pria paralisia.<\/p>\n<p>Continua fazendo o que sempre fez porque sempre funcionou. Evita mudan\u00e7as porque mudan\u00e7a d\u00e1 trabalho. Adia decis\u00f5es de comunica\u00e7\u00e3o porque &#8220;agora n\u00e3o \u00e9 o momento&#8221;. E quando o momento chega, j\u00e1 passou.<\/p>\n<p>Enquanto isso, outra empresa do mesmo setor, \u00e0s vezes menor, \u00e0s vezes mais nova, foi l\u00e1 e ocupou o espa\u00e7o que estava vazio. N\u00e3o porque tinha mais recursos. Porque tinha mais consist\u00eancia.<\/p>\n<h2>O mercado n\u00e3o espera<\/h2>\n<p>O comportamento do consumidor mudou. O ambiente digital mudou. As ferramentas mudaram. Os mecanismos de busca mudaram. As formas de descoberta de marca mudaram.<\/p>\n<p>Nada disso aconteceu da noite pro dia, mas tudo isso aconteceu enquanto algumas empresas estavam esperando o &#8220;momento certo&#8221; para agir.<\/p>\n<p>O que muitos gestores ainda n\u00e3o internalizaram \u00e9 que presen\u00e7a digital n\u00e3o \u00e9 um projeto com in\u00edcio, meio e fim. \u00c9 uma constru\u00e7\u00e3o cont\u00ednua. Uma marca que para de aparecer, de produzir conte\u00fado relevante, de manter sua comunica\u00e7\u00e3o viva e consistente, n\u00e3o fica est\u00e1tica. Ela regride. Porque o mercado continua se movendo ao redor dela.<\/p>\n<p>Invisibilidade no ambiente digital n\u00e3o \u00e9 neutralidade. \u00c9 perda de territ\u00f3rio.<\/p>\n<h2>O que sua concorr\u00eancia provavelmente j\u00e1 est\u00e1 fazendo<\/h2>\n<p>N\u00e3o precisa de pesquisa de mercado elaborada para perceber. Uma busca r\u00e1pida no Google pelo seu setor j\u00e1 mostra. Quem aparece primeiro? Quem tem o site mais completo e atualizado? Quem tem presen\u00e7a ativa nas redes sociais? Quem publica conte\u00fado com regularidade e autoridade?<\/p>\n<p>Se a resposta pra alguma dessas perguntas n\u00e3o \u00e9 a sua empresa, algu\u00e9m j\u00e1 saiu na frente.<\/p>\n<p>E isso importa porque a jornada de compra, especialmente no B2B, come\u00e7a muito antes do primeiro contato comercial. O cliente pesquisa, compara, l\u00ea, assiste, acompanha. Quando ele finalmente entra em contato com um fornecedor, j\u00e1 formou uma opini\u00e3o. Marcas que estavam presentes durante essa jornada chegam \u00e0 conversa com vantagem. As que estavam ausentes chegam precisando se apresentar do zero, numa batalha que a concorr\u00eancia j\u00e1 come\u00e7ou a vencer.<\/p>\n<p><img fetchpriority=\"high\" decoding=\"async\" class=\"aligncenter size-full wp-image-1828\" src=\"https:\/\/temperim.com\/blog\/wp-content\/uploads\/2026\/08\/Consistencia-bate-criatividade-no-longo-prazo.jpg\" alt=\"Consist\u00eancia bate criatividade no longo prazo\" width=\"1920\" height=\"1080\" srcset=\"https:\/\/temperim.com\/blog\/wp-content\/uploads\/2026\/08\/Consistencia-bate-criatividade-no-longo-prazo.jpg 1920w, https:\/\/temperim.com\/blog\/wp-content\/uploads\/2026\/08\/Consistencia-bate-criatividade-no-longo-prazo-300x169.jpg 300w, https:\/\/temperim.com\/blog\/wp-content\/uploads\/2026\/08\/Consistencia-bate-criatividade-no-longo-prazo-1024x576.jpg 1024w, https:\/\/temperim.com\/blog\/wp-content\/uploads\/2026\/08\/Consistencia-bate-criatividade-no-longo-prazo-768x432.jpg 768w, https:\/\/temperim.com\/blog\/wp-content\/uploads\/2026\/08\/Consistencia-bate-criatividade-no-longo-prazo-1536x864.jpg 1536w\" sizes=\"(max-width: 1920px) 100vw, 1920px\" \/><\/p>\n<h2>Consist\u00eancia bate criatividade no longo prazo<\/h2>\n<p>Esse \u00e9 um dos pontos mais contraintuitivos do marketing digital: n\u00e3o \u00e9 a campanha mais criativa que ganha. \u00c9 a marca mais consistente.<\/p>\n<p>Uma empresa que publica conte\u00fado relevante toda semana, que mant\u00e9m o site atualizado e otimizado, que tem presen\u00e7a ativa nas redes sociais e que cuida da sua identidade visual com coer\u00eancia ao longo do tempo constr\u00f3i algo que nenhuma campanha isolada consegue comprar: autoridade percebida.<\/p>\n<p>Autoridade percebida \u00e9 quando o mercado j\u00e1 te enxerga como refer\u00eancia antes mesmo de voc\u00ea fazer uma proposta comercial. \u00c9 quando o cliente chega at\u00e9 voc\u00ea porque te acompanha, n\u00e3o porque te encontrou por acaso.<\/p>\n<p>Essa constru\u00e7\u00e3o leva tempo. E \u00e9 exatamente por isso que come\u00e7ar agora, mesmo que de forma gradual, vale muito mais do que esperar ter tudo pronto para fazer algo perfeito.<\/p>\n<h2>O custo de n\u00e3o fazer nada<\/h2>\n<p>Existe uma conta que poucos gestores fazem: o custo da ina\u00e7\u00e3o.<\/p>\n<p>Investir em comunica\u00e7\u00e3o e marketing tem um custo vis\u00edvel, mensur\u00e1vel e f\u00e1cil de questionar numa reuni\u00e3o de or\u00e7amento. N\u00e3o investir tem um custo invis\u00edvel, que se acumula silenciosamente e aparece quando a perda de mercado j\u00e1 virou um problema dif\u00edcil de reverter.<\/p>\n<p>Clientes que foram pro concorrente porque n\u00e3o te conheciam. Oportunidades que n\u00e3o chegaram porque sua marca n\u00e3o aparecia onde o decisor estava buscando. Propostas que perderam antes mesmo de serem apresentadas, porque a percep\u00e7\u00e3o de valor j\u00e1 estava formada em favor de quem comunicava melhor.<\/p>\n<p>Esse custo n\u00e3o aparece no balancete. Mas est\u00e1 l\u00e1.<\/p>\n<h2>Por onde come\u00e7ar<\/h2>\n<p>A boa not\u00edcia \u00e9 que retomar territ\u00f3rio perdido \u00e9 poss\u00edvel. Exige consist\u00eancia, estrat\u00e9gia e um diagn\u00f3stico honesto de onde a marca est\u00e1 hoje em rela\u00e7\u00e3o a onde deveria estar.<\/p>\n<p>O primeiro passo \u00e9 entender o que est\u00e1 faltando. N\u00e3o de forma gen\u00e9rica, mas com clareza: o site est\u00e1 desatualizado? A presen\u00e7a nas redes sociais est\u00e1 irregular? N\u00e3o h\u00e1 produ\u00e7\u00e3o de conte\u00fado? A identidade visual est\u00e1 desalinhada com o posicionamento atual? O Google Meu Neg\u00f3cio est\u00e1 abandonado?<\/p>\n<p>Cada um desses pontos \u00e9 um buraco por onde oportunidade escapa. E cada um tem solu\u00e7\u00e3o.<\/p>\n<p>O segundo passo \u00e9 parar de tratar comunica\u00e7\u00e3o como despesa e come\u00e7ar a trat\u00e1-la como investimento com retorno mensur\u00e1vel. N\u00e3o \u00e9 sobre gastar mais. \u00c9 sobre gastar com consist\u00eancia e estrat\u00e9gia, sabendo o que cada a\u00e7\u00e3o est\u00e1 construindo no longo prazo.<\/p>\n<p>O terceiro passo, e talvez o mais importante, \u00e9 agir antes de estar pronto. Perfei\u00e7\u00e3o n\u00e3o existe no marketing. O que existe \u00e9 presen\u00e7a consistente, melhora cont\u00ednua e aprendizado em movimento. Quem espera ter tudo alinhado para come\u00e7ar, raramente come\u00e7a.<\/p>\n<h2>Como nossa ag\u00eancia pensa esse problema<\/h2>\n<p>Na Temperim, a gente chama de diagn\u00f3stico de presen\u00e7a digital o primeiro olhar que fazemos sobre a situa\u00e7\u00e3o real de uma marca no ambiente online. N\u00e3o \u00e9 um relat\u00f3rio t\u00e9cnico frio. \u00c9 uma conversa honesta sobre onde a empresa est\u00e1, onde deveria estar e o que est\u00e1 impedindo essa chegada.<\/p>\n<p>A partir da\u00ed, constru\u00edmos um plano que conecta as frentes que fazem sentido para aquele momento: site, conte\u00fado, redes sociais, tr\u00e1fego, identidade visual. N\u00e3o como a\u00e7\u00f5es isoladas, mas como partes de um ecossistema que trabalha junto para construir autoridade, gerar visibilidade e converter oportunidades em resultado.<\/p>\n<p>Porque marca forte n\u00e3o \u00e9 s\u00f3 quest\u00e3o de est\u00e9tica ou presen\u00e7a. \u00c9 quest\u00e3o de posicionamento, consist\u00eancia e timing. E timing, nesse caso, \u00e9 agora.<\/p>\n<h3>E por fim&#8230;<\/h3>\n<p>O mercado n\u00e3o tem paci\u00eancia com marcas que adiam. Ele simplesmente segue em frente, e leva junto os clientes que poderiam ser seus.<\/p>\n<p>A concorr\u00eancia que saiu na frente n\u00e3o necessariamente \u00e9 melhor do que voc\u00ea. Ela s\u00f3 decidiu antes. E essa decis\u00e3o, tomada com consist\u00eancia ao longo do tempo, virou vantagem competitiva real.<\/p>\n<p>A pergunta n\u00e3o \u00e9 se voc\u00ea precisa agir. \u00c9 se vai agir antes ou depois de sentir o impacto de n\u00e3o ter agido.<\/p>\n<p>A Temperim est\u00e1 aqui pra pensar isso junto com voc\u00ea. Com estrat\u00e9gia, com afeto e com o tempero certo para cada fase da sua comunica\u00e7\u00e3o.<\/p>\n<p>Quer entender onde sua marca est\u00e1 hoje e o que fazer pra sair na frente? <strong><a href=\"https:\/\/temperim.com\/contato\/?utm_source=blog&amp;utm_medium=organic&amp;utm_campaign=post_blog&amp;utm_content=marca_dorme\" target=\"_blank\" rel=\"noopener\">Fale com a gente<\/a>.<\/strong><\/p>\n","protected":false},"excerpt":{"rendered":"<p>Marca parada \u00e9 marca perdendo espa\u00e7o. Entenda por que a in\u00e9rcia na comunica\u00e7\u00e3o tem um custo alto e o que fazer para retomar territ\u00f3rio antes que seja tarde demais.<\/p>\n","protected":false},"author":2,"featured_media":1827,"comment_status":"closed","ping_status":"open","sticky":false,"template":"","format":"standard","meta":{"footnotes":""},"categories":[3],"tags":[63,107,43,312,57,292,287,289],"class_list":["post-1826","post","type-post","status-publish","format-standard","has-post-thumbnail","hentry","category-dica-do-chef","tag-branding","tag-comunicacao","tag-crescimento","tag-estrategia","tag-marketing-digital","tag-posicionamento-de-marca","tag-presenca-digital","tag-temperim"],"yoast_head":"<!-- This site is optimized with the Yoast SEO plugin v28.3 - https:\/\/yoast.com\/product\/yoast-seo-wordpress\/ -->\n<title>Marca que dorme, o mercado engole - Mexid\u00e3o<\/title>\n<meta name=\"description\" content=\"Marca parada \u00e9 marca perdendo espa\u00e7o. Entenda por que a in\u00e9rcia na comunica\u00e7\u00e3o tem um custo alto e o que fazer para retomar territ\u00f3rio antes que seja tarde demais.\" \/>\n<meta name=\"robots\" content=\"index, follow, max-snippet:-1, max-image-preview:large, max-video-preview:-1\" \/>\n<link rel=\"canonical\" href=\"https:\/\/temperim.com\/blog\/marca-que-dorme-o-mercado-engole\/\" \/>\n<meta property=\"og:locale\" content=\"pt_BR\" \/>\n<meta property=\"og:type\" content=\"article\" \/>\n<meta property=\"og:title\" content=\"Marca que dorme, o mercado engole - Mexid\u00e3o\" \/>\n<meta property=\"og:description\" content=\"Marca parada \u00e9 marca perdendo espa\u00e7o. Entenda por que a in\u00e9rcia na comunica\u00e7\u00e3o tem um custo alto e o que fazer para retomar territ\u00f3rio antes que seja tarde demais.\" \/>\n<meta property=\"og:url\" content=\"https:\/\/temperim.com\/blog\/marca-que-dorme-o-mercado-engole\/\" \/>\n<meta property=\"og:site_name\" content=\"Mexid\u00e3o\" \/>\n<meta property=\"article:published_time\" content=\"2026-08-12T17:12:52+00:00\" \/>\n<meta property=\"article:modified_time\" content=\"2026-08-12T17:15:31+00:00\" \/>\n<meta property=\"og:image\" content=\"https:\/\/temperim.com\/blog\/wp-content\/uploads\/2026\/08\/marca-que-dorme.jpg\" \/>\n\t<meta property=\"og:image:width\" content=\"1920\" \/>\n\t<meta property=\"og:image:height\" content=\"1080\" \/>\n\t<meta property=\"og:image:type\" content=\"image\/jpeg\" \/>\n<meta name=\"author\" content=\"Daniela Pereira\" \/>\n<meta name=\"twitter:card\" content=\"summary_large_image\" \/>\n<meta name=\"twitter:label1\" content=\"Escrito por\" \/>\n\t<meta name=\"twitter:data1\" content=\"Daniela Pereira\" \/>\n\t<meta name=\"twitter:label2\" content=\"Est. tempo de leitura\" \/>\n\t<meta name=\"twitter:data2\" content=\"7 minutos\" \/>\n<script type=\"application\/ld+json\" class=\"yoast-schema-graph\">{\"@context\":\"https:\\\/\\\/schema.org\",\"@graph\":[{\"@type\":\"Article\",\"@id\":\"https:\\\/\\\/temperim.com\\\/blog\\\/marca-que-dorme-o-mercado-engole\\\/#article\",\"isPartOf\":{\"@id\":\"https:\\\/\\\/temperim.com\\\/blog\\\/marca-que-dorme-o-mercado-engole\\\/\"},\"author\":{\"name\":\"Daniela Pereira\",\"@id\":\"https:\\\/\\\/temperim.com\\\/blog\\\/#\\\/schema\\\/person\\\/316adb7d808d2b38684b0e176d037cfe\"},\"headline\":\"Marca que dorme, o mercado engole: por que sua concorr\u00eancia j\u00e1 saiu na frente\",\"datePublished\":\"2026-08-12T17:12:52+00:00\",\"dateModified\":\"2026-08-12T17:15:31+00:00\",\"mainEntityOfPage\":{\"@id\":\"https:\\\/\\\/temperim.com\\\/blog\\\/marca-que-dorme-o-mercado-engole\\\/\"},\"wordCount\":1191,\"publisher\":{\"@id\":\"https:\\\/\\\/temperim.com\\\/blog\\\/#organization\"},\"image\":{\"@id\":\"https:\\\/\\\/temperim.com\\\/blog\\\/marca-que-dorme-o-mercado-engole\\\/#primaryimage\"},\"thumbnailUrl\":\"https:\\\/\\\/temperim.com\\\/blog\\\/wp-content\\\/uploads\\\/2026\\\/08\\\/marca-que-dorme.jpg\",\"keywords\":[\"branding\",\"comunica\u00e7\u00e3o\",\"crescimento\",\"Estrat\u00e9gia\",\"marketing digital\",\"Posicionamento de Marca\",\"Presen\u00e7a Digital\",\"Temperim\"],\"articleSection\":[\"Dica do Chef\"],\"inLanguage\":\"pt-BR\"},{\"@type\":\"WebPage\",\"@id\":\"https:\\\/\\\/temperim.com\\\/blog\\\/marca-que-dorme-o-mercado-engole\\\/\",\"url\":\"https:\\\/\\\/temperim.com\\\/blog\\\/marca-que-dorme-o-mercado-engole\\\/\",\"name\":\"Marca que dorme, o mercado engole - Mexid\u00e3o\",\"isPartOf\":{\"@id\":\"https:\\\/\\\/temperim.com\\\/blog\\\/#website\"},\"primaryImageOfPage\":{\"@id\":\"https:\\\/\\\/temperim.com\\\/blog\\\/marca-que-dorme-o-mercado-engole\\\/#primaryimage\"},\"image\":{\"@id\":\"https:\\\/\\\/temperim.com\\\/blog\\\/marca-que-dorme-o-mercado-engole\\\/#primaryimage\"},\"thumbnailUrl\":\"https:\\\/\\\/temperim.com\\\/blog\\\/wp-content\\\/uploads\\\/2026\\\/08\\\/marca-que-dorme.jpg\",\"datePublished\":\"2026-08-12T17:12:52+00:00\",\"dateModified\":\"2026-08-12T17:15:31+00:00\",\"description\":\"Marca parada \u00e9 marca perdendo espa\u00e7o. Entenda por que a in\u00e9rcia na comunica\u00e7\u00e3o tem um custo alto e o que fazer para retomar territ\u00f3rio antes que seja tarde demais.\",\"breadcrumb\":{\"@id\":\"https:\\\/\\\/temperim.com\\\/blog\\\/marca-que-dorme-o-mercado-engole\\\/#breadcrumb\"},\"inLanguage\":\"pt-BR\",\"potentialAction\":[{\"@type\":\"ReadAction\",\"target\":[\"https:\\\/\\\/temperim.com\\\/blog\\\/marca-que-dorme-o-mercado-engole\\\/\"]}]},{\"@type\":\"ImageObject\",\"inLanguage\":\"pt-BR\",\"@id\":\"https:\\\/\\\/temperim.com\\\/blog\\\/marca-que-dorme-o-mercado-engole\\\/#primaryimage\",\"url\":\"https:\\\/\\\/temperim.com\\\/blog\\\/wp-content\\\/uploads\\\/2026\\\/08\\\/marca-que-dorme.jpg\",\"contentUrl\":\"https:\\\/\\\/temperim.com\\\/blog\\\/wp-content\\\/uploads\\\/2026\\\/08\\\/marca-que-dorme.jpg\",\"width\":1920,\"height\":1080,\"caption\":\"Marca que dorme, o mercado engole: por que sua concorr\u00eancia j\u00e1 saiu na frente\"},{\"@type\":\"BreadcrumbList\",\"@id\":\"https:\\\/\\\/temperim.com\\\/blog\\\/marca-que-dorme-o-mercado-engole\\\/#breadcrumb\",\"itemListElement\":[{\"@type\":\"ListItem\",\"position\":1,\"name\":\"Home\",\"item\":\"https:\\\/\\\/temperim.com\\\/blog\\\/\"},{\"@type\":\"ListItem\",\"position\":2,\"name\":\"Dica do Chef\",\"item\":\"https:\\\/\\\/temperim.com\\\/blog\\\/categoria\\\/dica-do-chef\\\/\"},{\"@type\":\"ListItem\",\"position\":3,\"name\":\"Marca que dorme, o mercado engole: por que sua concorr\u00eancia j\u00e1 saiu na frente\"}]},{\"@type\":\"WebSite\",\"@id\":\"https:\\\/\\\/temperim.com\\\/blog\\\/#website\",\"url\":\"https:\\\/\\\/temperim.com\\\/blog\\\/\",\"name\":\"Mexid\u00e3o - o blog da Ag\u00eancia Temperim\",\"description\":\"o blog da Ag\u00eancia Temperim\",\"publisher\":{\"@id\":\"https:\\\/\\\/temperim.com\\\/blog\\\/#organization\"},\"alternateName\":\"Mexid\u00e3o - o blog da Ag\u00eancia Temperim\",\"potentialAction\":[{\"@type\":\"SearchAction\",\"target\":{\"@type\":\"EntryPoint\",\"urlTemplate\":\"https:\\\/\\\/temperim.com\\\/blog\\\/?s={search_term_string}\"},\"query-input\":{\"@type\":\"PropertyValueSpecification\",\"valueRequired\":true,\"valueName\":\"search_term_string\"}}],\"inLanguage\":\"pt-BR\"},{\"@type\":\"Organization\",\"@id\":\"https:\\\/\\\/temperim.com\\\/blog\\\/#organization\",\"name\":\"Mexid\u00e3o - o blog da Ag\u00eancia Temperim\",\"alternateName\":\"Mexid\u00e3o - o blog da Ag\u00eancia Temperim\",\"url\":\"https:\\\/\\\/temperim.com\\\/blog\\\/\",\"logo\":{\"@type\":\"ImageObject\",\"inLanguage\":\"pt-BR\",\"@id\":\"https:\\\/\\\/temperim.com\\\/blog\\\/#\\\/schema\\\/logo\\\/image\\\/\",\"url\":\"https:\\\/\\\/temperim.com\\\/blog\\\/wp-content\\\/uploads\\\/2026\\\/06\\\/mexidao2-e1777947401510.png\",\"contentUrl\":\"https:\\\/\\\/temperim.com\\\/blog\\\/wp-content\\\/uploads\\\/2026\\\/06\\\/mexidao2-e1777947401510.png\",\"width\":1300,\"height\":460,\"caption\":\"Mexid\u00e3o - o blog da Ag\u00eancia Temperim\"},\"image\":{\"@id\":\"https:\\\/\\\/temperim.com\\\/blog\\\/#\\\/schema\\\/logo\\\/image\\\/\"},\"sameAs\":[\"https:\\\/\\\/www.instagram.com\\\/agenciatemperim\\\/\",\"https:\\\/\\\/www.linkedin.com\\\/company\\\/agenciatemperim\\\/\"]},{\"@type\":\"Person\",\"@id\":\"https:\\\/\\\/temperim.com\\\/blog\\\/#\\\/schema\\\/person\\\/316adb7d808d2b38684b0e176d037cfe\",\"name\":\"Daniela Pereira\",\"pronouns\":\"ela\\\/dela\",\"image\":{\"@type\":\"ImageObject\",\"inLanguage\":\"pt-BR\",\"@id\":\"https:\\\/\\\/temperim.com\\\/blog\\\/wp-content\\\/litespeed\\\/avatar\\\/f536d8fd357c722186d9d4d125854110.jpg?ver=1788316506\",\"url\":\"https:\\\/\\\/temperim.com\\\/blog\\\/wp-content\\\/litespeed\\\/avatar\\\/f536d8fd357c722186d9d4d125854110.jpg?ver=1788316506\",\"contentUrl\":\"https:\\\/\\\/temperim.com\\\/blog\\\/wp-content\\\/litespeed\\\/avatar\\\/f536d8fd357c722186d9d4d125854110.jpg?ver=1788316506\",\"caption\":\"Daniela Pereira\"},\"description\":\"Co-founder &amp; Head de Projetos @ Ag\u00eancia Temperim\",\"sameAs\":[\"https:\\\/\\\/temperim.com\\\/\"]}]}<\/script>\n<!-- \/ Yoast SEO plugin. -->","yoast_head_json":{"title":"Marca que dorme, o mercado engole - Mexid\u00e3o","description":"Marca parada \u00e9 marca perdendo espa\u00e7o. Entenda por que a in\u00e9rcia na comunica\u00e7\u00e3o tem um custo alto e o que fazer para retomar territ\u00f3rio antes que seja tarde demais.","robots":{"index":"index","follow":"follow","max-snippet":"max-snippet:-1","max-image-preview":"max-image-preview:large","max-video-preview":"max-video-preview:-1"},"canonical":"https:\/\/temperim.com\/blog\/marca-que-dorme-o-mercado-engole\/","og_locale":"pt_BR","og_type":"article","og_title":"Marca que dorme, o mercado engole - Mexid\u00e3o","og_description":"Marca parada \u00e9 marca perdendo espa\u00e7o. Entenda por que a in\u00e9rcia na comunica\u00e7\u00e3o tem um custo alto e o que fazer para retomar territ\u00f3rio antes que seja tarde demais.","og_url":"https:\/\/temperim.com\/blog\/marca-que-dorme-o-mercado-engole\/","og_site_name":"Mexid\u00e3o","article_published_time":"2026-08-12T17:12:52+00:00","article_modified_time":"2026-08-12T17:15:31+00:00","og_image":[{"width":1920,"height":1080,"url":"https:\/\/temperim.com\/blog\/wp-content\/uploads\/2026\/08\/marca-que-dorme.jpg","type":"image\/jpeg"}],"author":"Daniela Pereira","twitter_card":"summary_large_image","twitter_misc":{"Escrito por":"Daniela Pereira","Est. tempo de leitura":"7 minutos"},"schema":{"@context":"https:\/\/schema.org","@graph":[{"@type":"Article","@id":"https:\/\/temperim.com\/blog\/marca-que-dorme-o-mercado-engole\/#article","isPartOf":{"@id":"https:\/\/temperim.com\/blog\/marca-que-dorme-o-mercado-engole\/"},"author":{"name":"Daniela Pereira","@id":"https:\/\/temperim.com\/blog\/#\/schema\/person\/316adb7d808d2b38684b0e176d037cfe"},"headline":"Marca que dorme, o mercado engole: por que sua concorr\u00eancia j\u00e1 saiu na frente","datePublished":"2026-08-12T17:12:52+00:00","dateModified":"2026-08-12T17:15:31+00:00","mainEntityOfPage":{"@id":"https:\/\/temperim.com\/blog\/marca-que-dorme-o-mercado-engole\/"},"wordCount":1191,"publisher":{"@id":"https:\/\/temperim.com\/blog\/#organization"},"image":{"@id":"https:\/\/temperim.com\/blog\/marca-que-dorme-o-mercado-engole\/#primaryimage"},"thumbnailUrl":"https:\/\/temperim.com\/blog\/wp-content\/uploads\/2026\/08\/marca-que-dorme.jpg","keywords":["branding","comunica\u00e7\u00e3o","crescimento","Estrat\u00e9gia","marketing digital","Posicionamento de Marca","Presen\u00e7a Digital","Temperim"],"articleSection":["Dica do Chef"],"inLanguage":"pt-BR"},{"@type":"WebPage","@id":"https:\/\/temperim.com\/blog\/marca-que-dorme-o-mercado-engole\/","url":"https:\/\/temperim.com\/blog\/marca-que-dorme-o-mercado-engole\/","name":"Marca que dorme, o mercado engole - Mexid\u00e3o","isPartOf":{"@id":"https:\/\/temperim.com\/blog\/#website"},"primaryImageOfPage":{"@id":"https:\/\/temperim.com\/blog\/marca-que-dorme-o-mercado-engole\/#primaryimage"},"image":{"@id":"https:\/\/temperim.com\/blog\/marca-que-dorme-o-mercado-engole\/#primaryimage"},"thumbnailUrl":"https:\/\/temperim.com\/blog\/wp-content\/uploads\/2026\/08\/marca-que-dorme.jpg","datePublished":"2026-08-12T17:12:52+00:00","dateModified":"2026-08-12T17:15:31+00:00","description":"Marca parada \u00e9 marca perdendo espa\u00e7o. Entenda por que a in\u00e9rcia na comunica\u00e7\u00e3o tem um custo alto e o que fazer para retomar territ\u00f3rio antes que seja tarde demais.","breadcrumb":{"@id":"https:\/\/temperim.com\/blog\/marca-que-dorme-o-mercado-engole\/#breadcrumb"},"inLanguage":"pt-BR","potentialAction":[{"@type":"ReadAction","target":["https:\/\/temperim.com\/blog\/marca-que-dorme-o-mercado-engole\/"]}]},{"@type":"ImageObject","inLanguage":"pt-BR","@id":"https:\/\/temperim.com\/blog\/marca-que-dorme-o-mercado-engole\/#primaryimage","url":"https:\/\/temperim.com\/blog\/wp-content\/uploads\/2026\/08\/marca-que-dorme.jpg","contentUrl":"https:\/\/temperim.com\/blog\/wp-content\/uploads\/2026\/08\/marca-que-dorme.jpg","width":1920,"height":1080,"caption":"Marca que dorme, o mercado engole: por que sua concorr\u00eancia j\u00e1 saiu na frente"},{"@type":"BreadcrumbList","@id":"https:\/\/temperim.com\/blog\/marca-que-dorme-o-mercado-engole\/#breadcrumb","itemListElement":[{"@type":"ListItem","position":1,"name":"Home","item":"https:\/\/temperim.com\/blog\/"},{"@type":"ListItem","position":2,"name":"Dica do Chef","item":"https:\/\/temperim.com\/blog\/categoria\/dica-do-chef\/"},{"@type":"ListItem","position":3,"name":"Marca que dorme, o mercado engole: por que sua concorr\u00eancia j\u00e1 saiu na frente"}]},{"@type":"WebSite","@id":"https:\/\/temperim.com\/blog\/#website","url":"https:\/\/temperim.com\/blog\/","name":"Mexid\u00e3o - o blog da Ag\u00eancia Temperim","description":"o blog da Ag\u00eancia Temperim","publisher":{"@id":"https:\/\/temperim.com\/blog\/#organization"},"alternateName":"Mexid\u00e3o - o blog da Ag\u00eancia Temperim","potentialAction":[{"@type":"SearchAction","target":{"@type":"EntryPoint","urlTemplate":"https:\/\/temperim.com\/blog\/?s={search_term_string}"},"query-input":{"@type":"PropertyValueSpecification","valueRequired":true,"valueName":"search_term_string"}}],"inLanguage":"pt-BR"},{"@type":"Organization","@id":"https:\/\/temperim.com\/blog\/#organization","name":"Mexid\u00e3o - o blog da Ag\u00eancia Temperim","alternateName":"Mexid\u00e3o - o blog da Ag\u00eancia Temperim","url":"https:\/\/temperim.com\/blog\/","logo":{"@type":"ImageObject","inLanguage":"pt-BR","@id":"https:\/\/temperim.com\/blog\/#\/schema\/logo\/image\/","url":"https:\/\/temperim.com\/blog\/wp-content\/uploads\/2026\/06\/mexidao2-e1777947401510.png","contentUrl":"https:\/\/temperim.com\/blog\/wp-content\/uploads\/2026\/06\/mexidao2-e1777947401510.png","width":1300,"height":460,"caption":"Mexid\u00e3o - o blog da Ag\u00eancia Temperim"},"image":{"@id":"https:\/\/temperim.com\/blog\/#\/schema\/logo\/image\/"},"sameAs":["https:\/\/www.instagram.com\/agenciatemperim\/","https:\/\/www.linkedin.com\/company\/agenciatemperim\/"]},{"@type":"Person","@id":"https:\/\/temperim.com\/blog\/#\/schema\/person\/316adb7d808d2b38684b0e176d037cfe","name":"Daniela Pereira","pronouns":"ela\/dela","image":{"@type":"ImageObject","inLanguage":"pt-BR","@id":"https:\/\/temperim.com\/blog\/wp-content\/litespeed\/avatar\/f536d8fd357c722186d9d4d125854110.jpg?ver=1788316506","url":"https:\/\/temperim.com\/blog\/wp-content\/litespeed\/avatar\/f536d8fd357c722186d9d4d125854110.jpg?ver=1788316506","contentUrl":"https:\/\/temperim.com\/blog\/wp-content\/litespeed\/avatar\/f536d8fd357c722186d9d4d125854110.jpg?ver=1788316506","caption":"Daniela Pereira"},"description":"Co-founder &amp; Head de Projetos @ Ag\u00eancia Temperim","sameAs":["https:\/\/temperim.com\/"]}]}},"_links":{"self":[{"href":"https:\/\/temperim.com\/blog\/wp-json\/wp\/v2\/posts\/1826","targetHints":{"allow":["GET"]}}],"collection":[{"href":"https:\/\/temperim.com\/blog\/wp-json\/wp\/v2\/posts"}],"about":[{"href":"https:\/\/temperim.com\/blog\/wp-json\/wp\/v2\/types\/post"}],"author":[{"embeddable":true,"href":"https:\/\/temperim.com\/blog\/wp-json\/wp\/v2\/users\/2"}],"replies":[{"embeddable":true,"href":"https:\/\/temperim.com\/blog\/wp-json\/wp\/v2\/comments?post=1826"}],"version-history":[{"count":4,"href":"https:\/\/temperim.com\/blog\/wp-json\/wp\/v2\/posts\/1826\/revisions"}],"predecessor-version":[{"id":1832,"href":"https:\/\/temperim.com\/blog\/wp-json\/wp\/v2\/posts\/1826\/revisions\/1832"}],"wp:featuredmedia":[{"embeddable":true,"href":"https:\/\/temperim.com\/blog\/wp-json\/wp\/v2\/media\/1827"}],"wp:attachment":[{"href":"https:\/\/temperim.com\/blog\/wp-json\/wp\/v2\/media?parent=1826"}],"wp:term":[{"taxonomy":"category","embeddable":true,"href":"https:\/\/temperim.com\/blog\/wp-json\/wp\/v2\/categories?post=1826"},{"taxonomy":"post_tag","embeddable":true,"href":"https:\/\/temperim.com\/blog\/wp-json\/wp\/v2\/tags?post=1826"}],"curies":[{"name":"wp","href":"https:\/\/api.w.org\/{rel}","templated":true}]}}