{"id":1817,"date":"2026-07-29T12:33:08","date_gmt":"2026-07-29T15:33:08","guid":{"rendered":"https:\/\/temperim.com\/blog\/?p=1817"},"modified":"2026-07-29T12:38:02","modified_gmt":"2026-07-29T15:38:02","slug":"problemas-com-meta-ads-e-ia","status":"publish","type":"post","link":"https:\/\/temperim.com\/blog\/problemas-com-meta-ads-e-ia\/","title":{"rendered":"Problemas com Meta Ads e IA: o que mudou e o que est\u00e1 queimando verba"},"content":{"rendered":"<p>Se voc\u00ea investe em tr\u00e1fego pago no Meta e est\u00e1 sentindo que o dinheiro rende menos, que os resultados ficaram mais imprevis\u00edveis ou que perdeu o controle sobre para onde os an\u00fancios est\u00e3o indo, voc\u00ea n\u00e3o est\u00e1 sozinho. E n\u00e3o \u00e9 impress\u00e3o.<\/p>\n<p>O Meta Ads passou por uma transforma\u00e7\u00e3o estrutural nos \u00faltimos 12 meses. Mudan\u00e7as na automa\u00e7\u00e3o, na segmenta\u00e7\u00e3o, nos custos e na forma como a plataforma entrega resultados criaram um ambiente mais complexo e menos tolerante com quem n\u00e3o se adaptou. Entender o que est\u00e1 acontecendo \u00e9 o primeiro passo para parar de queimar verba sem resultado.<\/p>\n<h2>Mudan\u00e7a 1: o Projeto Andromeda e o fim do controle manual<\/h2>\n<p>A Meta realizou uma atualiza\u00e7\u00e3o fundamental em seu sistema de entrega de an\u00fancios, apelidada de &#8220;Andromeda&#8221; pelo mercado. N\u00e3o \u00e9 apenas uma mudan\u00e7a de layout, \u00e9 uma mudan\u00e7a filos\u00f3fica que pune o amadorismo e exige uma abordagem estrat\u00e9gica.<\/p>\n<p>Na pr\u00e1tica, o que isso significa \u00e9 que a era de criar segmenta\u00e7\u00f5es detalhadas e manuais, definindo interesses, comportamentos e demografias com precis\u00e3o cir\u00fargica, chegou ao fim. O algoritmo da Meta, com o sistema Andr\u00f4meda, agora \u00e9 o principal respons\u00e1vel por decidir quem ver\u00e1 cada an\u00fancio.<\/p>\n<p>O problema \u00e9 que muita empresa continuou operando com a l\u00f3gica antiga. Subindo tr\u00eas criativos no gerenciador e esperando o melhor. Campanhas com criativos repetidos, baixa leitura de dados e falta de integra\u00e7\u00e3o com CRM tendem a perder efici\u00eancia rapidamente, mesmo com investimento alto.<\/p>\n<p>O algoritmo ficou mais inteligente. A opera\u00e7\u00e3o de quem anuncia precisa acompanhar esse n\u00edvel.<\/p>\n<p><img fetchpriority=\"high\" decoding=\"async\" class=\"aligncenter size-full wp-image-1820\" src=\"https:\/\/temperim.com\/blog\/wp-content\/uploads\/2026\/07\/advantage_meta.webp\" alt=\"\" width=\"960\" height=\"480\" srcset=\"https:\/\/temperim.com\/blog\/wp-content\/uploads\/2026\/07\/advantage_meta.webp 960w, https:\/\/temperim.com\/blog\/wp-content\/uploads\/2026\/07\/advantage_meta-300x150.webp 300w, https:\/\/temperim.com\/blog\/wp-content\/uploads\/2026\/07\/advantage_meta-768x384.webp 768w\" sizes=\"(max-width: 960px) 100vw, 960px\" \/><\/p>\n<h2>Mudan\u00e7a 2: o Advantage+ e a ilus\u00e3o da automa\u00e7\u00e3o total<\/h2>\n<p>O Advantage+ \u00e9 a fam\u00edlia de ferramentas da Meta que automatiza segmenta\u00e7\u00e3o, posicionamento, criativos e or\u00e7amento. Ela funciona. Em alguns cen\u00e1rios, funciona muito bem. Mas tem condi\u00e7\u00f5es espec\u00edficas para isso, e ignor\u00e1-las \u00e9 um dos maiores desperd\u00edcios de verba que a gente v\u00ea no mercado.<\/p>\n<p>O Advantage+ s\u00f3 \u00e9 t\u00e3o bom quanto os dados de convers\u00e3o que voc\u00ea fornece. Campanhas com feeds de dados de baixa qualidade, criativos desatualizados ou rastreamento com problemas apresentam otimiza\u00e7\u00e3o mais lenta e resultados inferiores.<\/p>\n<p>Ou seja, a IA aprende com o que voc\u00ea alimenta. Se o pixel est\u00e1 mal configurado, se os eventos de convers\u00e3o est\u00e3o errados ou se os criativos s\u00e3o todos parecidos, o algoritmo vai otimizar com base em dados ruins e vai fazer isso com efici\u00eancia. O resultado \u00e9 uma campanha tecnicamente &#8220;rodando bem&#8221; que entrega mal.<\/p>\n<p><strong>Tem tamb\u00e9m o problema da perda de controle estrat\u00e9gico. Gestores de tr\u00e1fego relatam que precisam constantemente vasculhar o Gerenciador de An\u00fancios para descobrir quais funcionalidades foram ativadas sem aviso pr\u00e9vio. A Meta tem o h\u00e1bito de ativar recursos do Advantage+ de forma autom\u00e1tica durante a cria\u00e7\u00e3o de campanhas, e quem n\u00e3o presta aten\u00e7\u00e3o cede o controle sem perceber.<\/strong><\/p>\n<p>O principal desafio \u00e9 a perda de controle sobre decis\u00f5es estrat\u00e9gicas, como segmenta\u00e7\u00f5es espec\u00edficas, que muitas vezes fazem diferen\u00e7a em nichos de sa\u00fade e, podemos ampliar, em qualquer segmento B2B, nicho espec\u00edfico ou mercado local onde o volume de dados \u00e9 menor.<\/p>\n<h2>Mudan\u00e7a 3: o custo subiu e a maioria ainda n\u00e3o ajustou os n\u00fameros<\/h2>\n<p>Esse \u00e9 o ponto que mais est\u00e1 queimando verba silenciosamente em 2026.<\/p>\n<p>Desde janeiro de 2026, anunciar no Meta Ads ficou cerca de 12,15% mais caro para empresas brasileiras, com o repasse direto de PIS\/COFINS (9,25%) e ISS (aproximadamente 2,9%) nas faturas.<\/p>\n<p>At\u00e9 o final de 2025, quando voc\u00ea investia R$ 1.000,00 em an\u00fancios, a Meta absorvia os impostos brasileiros dentro desse valor. A partir de 2026, a regra do jogo mudou: a Meta parou de absorver esse custo e passou a cobr\u00e1-lo separadamente.<\/p>\n<p>O problema n\u00e3o \u00e9 o aumento em si. \u00c9 que a maioria das empresas n\u00e3o ajustou nada. Muitas opera\u00e7\u00f5es continuam analisando apenas o valor investido no painel, sem perceber que a m\u00eddia efetiva caiu. O resultado aparece depois, na forma de aumento do CAC, queda no ROAS e redu\u00e7\u00e3o de margem.<\/p>\n<p>Tem ainda um detalhe t\u00e9cnico que distorce a leitura dos resultados: o gasto exibido no Gerenciador de An\u00fancios continua mostrando apenas o valor investido em m\u00eddia. J\u00e1 o custo real, que inclui tributos, aparece na fatura. Quem n\u00e3o cruzar esses dois n\u00fameros est\u00e1 tomando decis\u00e3o com base em dado incompleto.<\/p>\n<p>Uma campanha que entregava ROAS de 4:1 precisa agora gerar retorno de 4,48:1 para manter a mesma rentabilidade real. Parece pouco, mas em escala, representa uma press\u00e3o significativa sobre a margem.<\/p>\n<h2>O que est\u00e1 de fato queimando verba<\/h2>\n<p>Juntando tudo isso, os principais pontos de desperd\u00edcio que a gente identifica nas contas que analisa s\u00e3o estes:<\/p>\n<ul>\n<li><strong>Rastreamento mal configurado.<\/strong> Pixel instalado sem Conversions API, eventos duplicados ou mal mapeados fazem o algoritmo aprender com dados errados. A campanha &#8220;otimiza&#8221; para o objetivo errado e entrega um p\u00fablico que n\u00e3o converte.<\/li>\n<li><strong>Criativos de baixa diversidade.<\/strong> Com menos controle sobre segmenta\u00e7\u00e3o, o criativo ganhou protagonismo. Subir tr\u00eas varia\u00e7\u00f5es parecidas do mesmo an\u00fancio n\u00e3o alimenta o algoritmo. Ele precisa de diversidade real para encontrar o que ressoa.<\/li>\n<li><strong>Advantage+ ativado sem estrutura para suport\u00e1-lo.<\/strong> A automa\u00e7\u00e3o total funciona para contas com volume de dados suficiente. Contas pequenas, com menos de 50 convers\u00f5es por m\u00eas, ainda se beneficiam de mais controle manual. Usar Advantage+ numa conta pequena, sem hist\u00f3rico, \u00e9 deixar o algoritmo aprender na sua verba.<\/li>\n<li><strong>Or\u00e7amento calculado com a l\u00f3gica de 2025.<\/strong> Se voc\u00ea n\u00e3o recalculou seu CAC e ROAS considerando o aumento tribut\u00e1rio de 12,15%, seus n\u00fameros est\u00e3o errados. E decis\u00e3o com n\u00famero errado gera estrat\u00e9gia errada.<\/li>\n<li><strong>Depend\u00eancia excessiva de um \u00fanico canal.<\/strong> Concentrar 80% do budget em Meta Ads era arriscado antes; agora \u00e9 indefens\u00e1vel. Google Ads, LinkedIn, e-mail marketing e tr\u00e1fego org\u00e2nico precisam fazer parte de um ecossistema integrado, n\u00e3o de um plano B emergencial.<\/li>\n<\/ul>\n<h2>O que fazer agora<\/h2>\n<h3>O primeiro movimento \u00e9 auditoria, n\u00e3o corte.<\/h3>\n<p>Antes de reduzir investimento ou mudar plataforma, \u00e9 preciso entender o que est\u00e1 funcionando e o que est\u00e1 mal configurado. Pixel, eventos, estrutura de campanha, criativos, objetivos de otimiza\u00e7\u00e3o, tudo isso precisa ser revisado com olhar cr\u00edtico.<\/p>\n<h3>O segundo movimento \u00e9 recalcular os n\u00fameros.<\/h3>\n<p>Atualizar as metas de ROAS, CPL e CAC considerando o novo custo real da m\u00eddia. Quem n\u00e3o fizer isso vai continuar achando que est\u00e1 no breakeven quando j\u00e1 est\u00e1 operando no vermelho.<\/p>\n<h3>O terceiro movimento \u00e9 investir em criativo.<\/h3>\n<p>Num ambiente onde o algoritmo decide o p\u00fablico, o que diferencia uma campanha eficiente de uma campanha cara \u00e9 a qualidade e diversidade dos an\u00fancios. Copy, imagem, v\u00eddeo, formato, narrativa. Tudo isso alimenta a IA e define a qualidade da entrega.<\/p>\n<h3>O quarto movimento \u00e9 pensar em ecossistema.<\/h3>\n<p>Tr\u00e1fego pago isolado \u00e9 caro e fr\u00e1gil. Quando ele trabalha junto com SEO, conte\u00fado, e-mail e presen\u00e7a org\u00e2nica, o custo de aquisi\u00e7\u00e3o cai e a depend\u00eancia de uma \u00fanica plataforma diminui.<\/p>\n<h2>Como a Temperim trabalha tr\u00e1fego pago<\/h2>\n<p>Na Temperim, a gente n\u00e3o entrega campanha. A gente entrega estrat\u00e9gia de aquisi\u00e7\u00e3o.\u00a0Isso significa que antes de subir qualquer an\u00fancio, a gente verifica se o rastreamento est\u00e1 correto, se o objetivo de otimiza\u00e7\u00e3o faz sentido para o momento do neg\u00f3cio, se os criativos t\u00eam diversidade suficiente para alimentar o algoritmo e se as metas est\u00e3o calibradas com o custo real da m\u00eddia em 2026.<\/p>\n<p>E durante a gest\u00e3o, a gente monitora n\u00e3o s\u00f3 o painel do Meta, mas os n\u00fameros reais de neg\u00f3cio. Porque ROAS bonito no gerenciador com margem caindo na opera\u00e7\u00e3o n\u00e3o \u00e9 resultado. \u00c9 ilus\u00e3o.<\/p>\n<h3>Por fim&#8230;<\/h3>\n<p>O Meta Ads continua sendo uma das plataformas mais poderosas para gera\u00e7\u00e3o de resultado no Brasil. Mas o jogo mudou, e quem ainda est\u00e1 operando com a l\u00f3gica de dois anos atr\u00e1s est\u00e1 pagando mais para receber menos. Automa\u00e7\u00e3o n\u00e3o \u00e9 piloto autom\u00e1tico. IA n\u00e3o substitui estrat\u00e9gia. E custo de m\u00eddia mais alto exige opera\u00e7\u00e3o mais inteligente, n\u00e3o necessariamente mais cara.<\/p>\n<p>Se voc\u00ea sente que sua verba n\u00e3o est\u00e1 rendendo o que deveria, provavelmente n\u00e3o \u00e9 a plataforma o problema. \u00c9 a estrat\u00e9gia por tr\u00e1s dela.<\/p>\n<p>A Temperim pode ajudar a revisar sua opera\u00e7\u00e3o de tr\u00e1fego pago e identificar onde est\u00e3o os pontos de desperd\u00edcio e onde est\u00e3o as oportunidades reais.<\/p>\n<p><strong><a href=\"https:\/\/temperim.com\/contato\/?utm_source=blog&amp;utm_medium=organic&amp;utm_campaign=post_blog&amp;utm_content=problemas_metaads\" target=\"_blank\" rel=\"noopener\">Fale com a gente<\/a>.<\/strong><\/p>\n","protected":false},"excerpt":{"rendered":"<p>O Meta Ads ficou mais caro, mais automatizado e menos tolerante com erros de configura\u00e7\u00e3o. Entenda o que mudou com o Advantage+, o Projeto Andromeda e o aumento tribut\u00e1rio de 12,15% e o que fazer para parar de queimar verba.<\/p>\n","protected":false},"author":2,"featured_media":1818,"comment_status":"closed","ping_status":"open","sticky":false,"template":"","format":"standard","meta":{"footnotes":""},"categories":[54],"tags":[308,286,140,311,309,57,273,310,289,274],"class_list":["post-1817","post","type-post","status-publish","format-standard","has-post-thumbnail","hentry","category-fique-por-dentro","tag-advantage","tag-estrategia-digital","tag-facebook-ads","tag-gestao-de-anuncios","tag-instagram-ads","tag-marketing-digital","tag-meta-ads","tag-roas","tag-temperim","tag-trafego-pago"],"yoast_head":"<!-- This site is optimized with the Yoast SEO plugin v28.3 - https:\/\/yoast.com\/product\/yoast-seo-wordpress\/ -->\n<title>Problemas com Meta Ads e IA - Mexid\u00e3o<\/title>\n<meta name=\"description\" content=\"O Meta Ads ficou mais caro, mais automatizado e menos tolerante com erros de configura\u00e7\u00e3o. Entenda o que mudou com o Advantage+, o Projeto Andromeda e o aumento tribut\u00e1rio de 12,15% e o que fazer para parar de queimar verba.\" \/>\n<meta name=\"robots\" content=\"index, follow, max-snippet:-1, max-image-preview:large, max-video-preview:-1\" \/>\n<link rel=\"canonical\" href=\"https:\/\/temperim.com\/blog\/problemas-com-meta-ads-e-ia\/\" \/>\n<meta property=\"og:locale\" content=\"pt_BR\" \/>\n<meta property=\"og:type\" content=\"article\" \/>\n<meta property=\"og:title\" content=\"Problemas com Meta Ads e IA - Mexid\u00e3o\" \/>\n<meta property=\"og:description\" content=\"O Meta Ads ficou mais caro, mais automatizado e menos tolerante com erros de configura\u00e7\u00e3o. Entenda o que mudou com o Advantage+, o Projeto Andromeda e o aumento tribut\u00e1rio de 12,15% e o que fazer para parar de queimar verba.\" \/>\n<meta property=\"og:url\" content=\"https:\/\/temperim.com\/blog\/problemas-com-meta-ads-e-ia\/\" \/>\n<meta property=\"og:site_name\" content=\"Mexid\u00e3o\" \/>\n<meta property=\"article:published_time\" content=\"2026-07-29T15:33:08+00:00\" \/>\n<meta property=\"article:modified_time\" content=\"2026-07-29T15:38:02+00:00\" \/>\n<meta property=\"og:image\" content=\"https:\/\/temperim.com\/blog\/wp-content\/uploads\/2026\/07\/problemas-com-meta-ads-e-ia.jpg\" \/>\n\t<meta property=\"og:image:width\" content=\"1920\" \/>\n\t<meta property=\"og:image:height\" content=\"1080\" \/>\n\t<meta property=\"og:image:type\" content=\"image\/jpeg\" \/>\n<meta name=\"author\" content=\"Daniela Pereira\" \/>\n<meta name=\"twitter:card\" content=\"summary_large_image\" \/>\n<meta name=\"twitter:label1\" content=\"Escrito por\" \/>\n\t<meta name=\"twitter:data1\" content=\"Daniela Pereira\" \/>\n\t<meta name=\"twitter:label2\" content=\"Est. tempo de leitura\" \/>\n\t<meta name=\"twitter:data2\" content=\"8 minutos\" \/>\n<script type=\"application\/ld+json\" class=\"yoast-schema-graph\">{\"@context\":\"https:\\\/\\\/schema.org\",\"@graph\":[{\"@type\":\"Article\",\"@id\":\"https:\\\/\\\/temperim.com\\\/blog\\\/problemas-com-meta-ads-e-ia\\\/#article\",\"isPartOf\":{\"@id\":\"https:\\\/\\\/temperim.com\\\/blog\\\/problemas-com-meta-ads-e-ia\\\/\"},\"author\":{\"name\":\"Daniela Pereira\",\"@id\":\"https:\\\/\\\/temperim.com\\\/blog\\\/#\\\/schema\\\/person\\\/316adb7d808d2b38684b0e176d037cfe\"},\"headline\":\"Problemas com Meta Ads e IA: o que mudou e o que est\u00e1 queimando verba\",\"datePublished\":\"2026-07-29T15:33:08+00:00\",\"dateModified\":\"2026-07-29T15:38:02+00:00\",\"mainEntityOfPage\":{\"@id\":\"https:\\\/\\\/temperim.com\\\/blog\\\/problemas-com-meta-ads-e-ia\\\/\"},\"wordCount\":1469,\"publisher\":{\"@id\":\"https:\\\/\\\/temperim.com\\\/blog\\\/#organization\"},\"image\":{\"@id\":\"https:\\\/\\\/temperim.com\\\/blog\\\/problemas-com-meta-ads-e-ia\\\/#primaryimage\"},\"thumbnailUrl\":\"https:\\\/\\\/temperim.com\\\/blog\\\/wp-content\\\/uploads\\\/2026\\\/07\\\/problemas-com-meta-ads-e-ia.jpg\",\"keywords\":[\"Advantage+\",\"Estrat\u00e9gia Digital\",\"facebook ads\",\"Gest\u00e3o de An\u00fancios\",\"Instagram Ads\",\"marketing digital\",\"meta ads\",\"ROAS\",\"Temperim\",\"tr\u00e1fego pago\"],\"articleSection\":[\"Fique por Dentro\"],\"inLanguage\":\"pt-BR\"},{\"@type\":\"WebPage\",\"@id\":\"https:\\\/\\\/temperim.com\\\/blog\\\/problemas-com-meta-ads-e-ia\\\/\",\"url\":\"https:\\\/\\\/temperim.com\\\/blog\\\/problemas-com-meta-ads-e-ia\\\/\",\"name\":\"Problemas com Meta Ads e IA - Mexid\u00e3o\",\"isPartOf\":{\"@id\":\"https:\\\/\\\/temperim.com\\\/blog\\\/#website\"},\"primaryImageOfPage\":{\"@id\":\"https:\\\/\\\/temperim.com\\\/blog\\\/problemas-com-meta-ads-e-ia\\\/#primaryimage\"},\"image\":{\"@id\":\"https:\\\/\\\/temperim.com\\\/blog\\\/problemas-com-meta-ads-e-ia\\\/#primaryimage\"},\"thumbnailUrl\":\"https:\\\/\\\/temperim.com\\\/blog\\\/wp-content\\\/uploads\\\/2026\\\/07\\\/problemas-com-meta-ads-e-ia.jpg\",\"datePublished\":\"2026-07-29T15:33:08+00:00\",\"dateModified\":\"2026-07-29T15:38:02+00:00\",\"description\":\"O Meta Ads ficou mais caro, mais automatizado e menos tolerante com erros de configura\u00e7\u00e3o. Entenda o que mudou com o Advantage+, o Projeto Andromeda e o aumento tribut\u00e1rio de 12,15% e o que fazer para parar de queimar verba.\",\"breadcrumb\":{\"@id\":\"https:\\\/\\\/temperim.com\\\/blog\\\/problemas-com-meta-ads-e-ia\\\/#breadcrumb\"},\"inLanguage\":\"pt-BR\",\"potentialAction\":[{\"@type\":\"ReadAction\",\"target\":[\"https:\\\/\\\/temperim.com\\\/blog\\\/problemas-com-meta-ads-e-ia\\\/\"]}]},{\"@type\":\"ImageObject\",\"inLanguage\":\"pt-BR\",\"@id\":\"https:\\\/\\\/temperim.com\\\/blog\\\/problemas-com-meta-ads-e-ia\\\/#primaryimage\",\"url\":\"https:\\\/\\\/temperim.com\\\/blog\\\/wp-content\\\/uploads\\\/2026\\\/07\\\/problemas-com-meta-ads-e-ia.jpg\",\"contentUrl\":\"https:\\\/\\\/temperim.com\\\/blog\\\/wp-content\\\/uploads\\\/2026\\\/07\\\/problemas-com-meta-ads-e-ia.jpg\",\"width\":1920,\"height\":1080,\"caption\":\"Problemas com Meta Ads e IA\"},{\"@type\":\"BreadcrumbList\",\"@id\":\"https:\\\/\\\/temperim.com\\\/blog\\\/problemas-com-meta-ads-e-ia\\\/#breadcrumb\",\"itemListElement\":[{\"@type\":\"ListItem\",\"position\":1,\"name\":\"Home\",\"item\":\"https:\\\/\\\/temperim.com\\\/blog\\\/\"},{\"@type\":\"ListItem\",\"position\":2,\"name\":\"Fique por Dentro\",\"item\":\"https:\\\/\\\/temperim.com\\\/blog\\\/categoria\\\/fique-por-dentro\\\/\"},{\"@type\":\"ListItem\",\"position\":3,\"name\":\"Problemas com Meta Ads e IA: o que mudou e o que est\u00e1 queimando verba\"}]},{\"@type\":\"WebSite\",\"@id\":\"https:\\\/\\\/temperim.com\\\/blog\\\/#website\",\"url\":\"https:\\\/\\\/temperim.com\\\/blog\\\/\",\"name\":\"Mexid\u00e3o - o blog da Ag\u00eancia Temperim\",\"description\":\"o blog da Ag\u00eancia Temperim\",\"publisher\":{\"@id\":\"https:\\\/\\\/temperim.com\\\/blog\\\/#organization\"},\"alternateName\":\"Mexid\u00e3o - o blog da Ag\u00eancia Temperim\",\"potentialAction\":[{\"@type\":\"SearchAction\",\"target\":{\"@type\":\"EntryPoint\",\"urlTemplate\":\"https:\\\/\\\/temperim.com\\\/blog\\\/?s={search_term_string}\"},\"query-input\":{\"@type\":\"PropertyValueSpecification\",\"valueRequired\":true,\"valueName\":\"search_term_string\"}}],\"inLanguage\":\"pt-BR\"},{\"@type\":\"Organization\",\"@id\":\"https:\\\/\\\/temperim.com\\\/blog\\\/#organization\",\"name\":\"Mexid\u00e3o - o blog da Ag\u00eancia Temperim\",\"alternateName\":\"Mexid\u00e3o - o blog da Ag\u00eancia Temperim\",\"url\":\"https:\\\/\\\/temperim.com\\\/blog\\\/\",\"logo\":{\"@type\":\"ImageObject\",\"inLanguage\":\"pt-BR\",\"@id\":\"https:\\\/\\\/temperim.com\\\/blog\\\/#\\\/schema\\\/logo\\\/image\\\/\",\"url\":\"https:\\\/\\\/temperim.com\\\/blog\\\/wp-content\\\/uploads\\\/2026\\\/06\\\/mexidao2-e1777947401510.png\",\"contentUrl\":\"https:\\\/\\\/temperim.com\\\/blog\\\/wp-content\\\/uploads\\\/2026\\\/06\\\/mexidao2-e1777947401510.png\",\"width\":1300,\"height\":460,\"caption\":\"Mexid\u00e3o - o blog da Ag\u00eancia Temperim\"},\"image\":{\"@id\":\"https:\\\/\\\/temperim.com\\\/blog\\\/#\\\/schema\\\/logo\\\/image\\\/\"},\"sameAs\":[\"https:\\\/\\\/www.instagram.com\\\/agenciatemperim\\\/\",\"https:\\\/\\\/www.linkedin.com\\\/company\\\/agenciatemperim\\\/\"]},{\"@type\":\"Person\",\"@id\":\"https:\\\/\\\/temperim.com\\\/blog\\\/#\\\/schema\\\/person\\\/316adb7d808d2b38684b0e176d037cfe\",\"name\":\"Daniela Pereira\",\"pronouns\":\"ela\\\/dela\",\"image\":{\"@type\":\"ImageObject\",\"inLanguage\":\"pt-BR\",\"@id\":\"https:\\\/\\\/temperim.com\\\/blog\\\/wp-content\\\/litespeed\\\/avatar\\\/f536d8fd357c722186d9d4d125854110.jpg?ver=1788316506\",\"url\":\"https:\\\/\\\/temperim.com\\\/blog\\\/wp-content\\\/litespeed\\\/avatar\\\/f536d8fd357c722186d9d4d125854110.jpg?ver=1788316506\",\"contentUrl\":\"https:\\\/\\\/temperim.com\\\/blog\\\/wp-content\\\/litespeed\\\/avatar\\\/f536d8fd357c722186d9d4d125854110.jpg?ver=1788316506\",\"caption\":\"Daniela Pereira\"},\"description\":\"Co-founder &amp; Head de Projetos @ Ag\u00eancia Temperim\",\"sameAs\":[\"https:\\\/\\\/temperim.com\\\/\"]}]}<\/script>\n<!-- \/ Yoast SEO plugin. -->","yoast_head_json":{"title":"Problemas com Meta Ads e IA - Mexid\u00e3o","description":"O Meta Ads ficou mais caro, mais automatizado e menos tolerante com erros de configura\u00e7\u00e3o. Entenda o que mudou com o Advantage+, o Projeto Andromeda e o aumento tribut\u00e1rio de 12,15% e o que fazer para parar de queimar verba.","robots":{"index":"index","follow":"follow","max-snippet":"max-snippet:-1","max-image-preview":"max-image-preview:large","max-video-preview":"max-video-preview:-1"},"canonical":"https:\/\/temperim.com\/blog\/problemas-com-meta-ads-e-ia\/","og_locale":"pt_BR","og_type":"article","og_title":"Problemas com Meta Ads e IA - Mexid\u00e3o","og_description":"O Meta Ads ficou mais caro, mais automatizado e menos tolerante com erros de configura\u00e7\u00e3o. Entenda o que mudou com o Advantage+, o Projeto Andromeda e o aumento tribut\u00e1rio de 12,15% e o que fazer para parar de queimar verba.","og_url":"https:\/\/temperim.com\/blog\/problemas-com-meta-ads-e-ia\/","og_site_name":"Mexid\u00e3o","article_published_time":"2026-07-29T15:33:08+00:00","article_modified_time":"2026-07-29T15:38:02+00:00","og_image":[{"width":1920,"height":1080,"url":"https:\/\/temperim.com\/blog\/wp-content\/uploads\/2026\/07\/problemas-com-meta-ads-e-ia.jpg","type":"image\/jpeg"}],"author":"Daniela Pereira","twitter_card":"summary_large_image","twitter_misc":{"Escrito por":"Daniela Pereira","Est. tempo de leitura":"8 minutos"},"schema":{"@context":"https:\/\/schema.org","@graph":[{"@type":"Article","@id":"https:\/\/temperim.com\/blog\/problemas-com-meta-ads-e-ia\/#article","isPartOf":{"@id":"https:\/\/temperim.com\/blog\/problemas-com-meta-ads-e-ia\/"},"author":{"name":"Daniela Pereira","@id":"https:\/\/temperim.com\/blog\/#\/schema\/person\/316adb7d808d2b38684b0e176d037cfe"},"headline":"Problemas com Meta Ads e IA: o que mudou e o que est\u00e1 queimando verba","datePublished":"2026-07-29T15:33:08+00:00","dateModified":"2026-07-29T15:38:02+00:00","mainEntityOfPage":{"@id":"https:\/\/temperim.com\/blog\/problemas-com-meta-ads-e-ia\/"},"wordCount":1469,"publisher":{"@id":"https:\/\/temperim.com\/blog\/#organization"},"image":{"@id":"https:\/\/temperim.com\/blog\/problemas-com-meta-ads-e-ia\/#primaryimage"},"thumbnailUrl":"https:\/\/temperim.com\/blog\/wp-content\/uploads\/2026\/07\/problemas-com-meta-ads-e-ia.jpg","keywords":["Advantage+","Estrat\u00e9gia Digital","facebook ads","Gest\u00e3o de An\u00fancios","Instagram Ads","marketing digital","meta ads","ROAS","Temperim","tr\u00e1fego pago"],"articleSection":["Fique por Dentro"],"inLanguage":"pt-BR"},{"@type":"WebPage","@id":"https:\/\/temperim.com\/blog\/problemas-com-meta-ads-e-ia\/","url":"https:\/\/temperim.com\/blog\/problemas-com-meta-ads-e-ia\/","name":"Problemas com Meta Ads e IA - Mexid\u00e3o","isPartOf":{"@id":"https:\/\/temperim.com\/blog\/#website"},"primaryImageOfPage":{"@id":"https:\/\/temperim.com\/blog\/problemas-com-meta-ads-e-ia\/#primaryimage"},"image":{"@id":"https:\/\/temperim.com\/blog\/problemas-com-meta-ads-e-ia\/#primaryimage"},"thumbnailUrl":"https:\/\/temperim.com\/blog\/wp-content\/uploads\/2026\/07\/problemas-com-meta-ads-e-ia.jpg","datePublished":"2026-07-29T15:33:08+00:00","dateModified":"2026-07-29T15:38:02+00:00","description":"O Meta Ads ficou mais caro, mais automatizado e menos tolerante com erros de configura\u00e7\u00e3o. Entenda o que mudou com o Advantage+, o Projeto Andromeda e o aumento tribut\u00e1rio de 12,15% e o que fazer para parar de queimar verba.","breadcrumb":{"@id":"https:\/\/temperim.com\/blog\/problemas-com-meta-ads-e-ia\/#breadcrumb"},"inLanguage":"pt-BR","potentialAction":[{"@type":"ReadAction","target":["https:\/\/temperim.com\/blog\/problemas-com-meta-ads-e-ia\/"]}]},{"@type":"ImageObject","inLanguage":"pt-BR","@id":"https:\/\/temperim.com\/blog\/problemas-com-meta-ads-e-ia\/#primaryimage","url":"https:\/\/temperim.com\/blog\/wp-content\/uploads\/2026\/07\/problemas-com-meta-ads-e-ia.jpg","contentUrl":"https:\/\/temperim.com\/blog\/wp-content\/uploads\/2026\/07\/problemas-com-meta-ads-e-ia.jpg","width":1920,"height":1080,"caption":"Problemas com Meta Ads e IA"},{"@type":"BreadcrumbList","@id":"https:\/\/temperim.com\/blog\/problemas-com-meta-ads-e-ia\/#breadcrumb","itemListElement":[{"@type":"ListItem","position":1,"name":"Home","item":"https:\/\/temperim.com\/blog\/"},{"@type":"ListItem","position":2,"name":"Fique por Dentro","item":"https:\/\/temperim.com\/blog\/categoria\/fique-por-dentro\/"},{"@type":"ListItem","position":3,"name":"Problemas com Meta Ads e IA: o que mudou e o que est\u00e1 queimando verba"}]},{"@type":"WebSite","@id":"https:\/\/temperim.com\/blog\/#website","url":"https:\/\/temperim.com\/blog\/","name":"Mexid\u00e3o - o blog da Ag\u00eancia Temperim","description":"o blog da Ag\u00eancia Temperim","publisher":{"@id":"https:\/\/temperim.com\/blog\/#organization"},"alternateName":"Mexid\u00e3o - o blog da Ag\u00eancia Temperim","potentialAction":[{"@type":"SearchAction","target":{"@type":"EntryPoint","urlTemplate":"https:\/\/temperim.com\/blog\/?s={search_term_string}"},"query-input":{"@type":"PropertyValueSpecification","valueRequired":true,"valueName":"search_term_string"}}],"inLanguage":"pt-BR"},{"@type":"Organization","@id":"https:\/\/temperim.com\/blog\/#organization","name":"Mexid\u00e3o - o blog da Ag\u00eancia Temperim","alternateName":"Mexid\u00e3o - o blog da Ag\u00eancia Temperim","url":"https:\/\/temperim.com\/blog\/","logo":{"@type":"ImageObject","inLanguage":"pt-BR","@id":"https:\/\/temperim.com\/blog\/#\/schema\/logo\/image\/","url":"https:\/\/temperim.com\/blog\/wp-content\/uploads\/2026\/06\/mexidao2-e1777947401510.png","contentUrl":"https:\/\/temperim.com\/blog\/wp-content\/uploads\/2026\/06\/mexidao2-e1777947401510.png","width":1300,"height":460,"caption":"Mexid\u00e3o - o blog da Ag\u00eancia Temperim"},"image":{"@id":"https:\/\/temperim.com\/blog\/#\/schema\/logo\/image\/"},"sameAs":["https:\/\/www.instagram.com\/agenciatemperim\/","https:\/\/www.linkedin.com\/company\/agenciatemperim\/"]},{"@type":"Person","@id":"https:\/\/temperim.com\/blog\/#\/schema\/person\/316adb7d808d2b38684b0e176d037cfe","name":"Daniela Pereira","pronouns":"ela\/dela","image":{"@type":"ImageObject","inLanguage":"pt-BR","@id":"https:\/\/temperim.com\/blog\/wp-content\/litespeed\/avatar\/f536d8fd357c722186d9d4d125854110.jpg?ver=1788316506","url":"https:\/\/temperim.com\/blog\/wp-content\/litespeed\/avatar\/f536d8fd357c722186d9d4d125854110.jpg?ver=1788316506","contentUrl":"https:\/\/temperim.com\/blog\/wp-content\/litespeed\/avatar\/f536d8fd357c722186d9d4d125854110.jpg?ver=1788316506","caption":"Daniela Pereira"},"description":"Co-founder &amp; Head de Projetos @ Ag\u00eancia Temperim","sameAs":["https:\/\/temperim.com\/"]}]}},"_links":{"self":[{"href":"https:\/\/temperim.com\/blog\/wp-json\/wp\/v2\/posts\/1817","targetHints":{"allow":["GET"]}}],"collection":[{"href":"https:\/\/temperim.com\/blog\/wp-json\/wp\/v2\/posts"}],"about":[{"href":"https:\/\/temperim.com\/blog\/wp-json\/wp\/v2\/types\/post"}],"author":[{"embeddable":true,"href":"https:\/\/temperim.com\/blog\/wp-json\/wp\/v2\/users\/2"}],"replies":[{"embeddable":true,"href":"https:\/\/temperim.com\/blog\/wp-json\/wp\/v2\/comments?post=1817"}],"version-history":[{"count":3,"href":"https:\/\/temperim.com\/blog\/wp-json\/wp\/v2\/posts\/1817\/revisions"}],"predecessor-version":[{"id":1822,"href":"https:\/\/temperim.com\/blog\/wp-json\/wp\/v2\/posts\/1817\/revisions\/1822"}],"wp:featuredmedia":[{"embeddable":true,"href":"https:\/\/temperim.com\/blog\/wp-json\/wp\/v2\/media\/1818"}],"wp:attachment":[{"href":"https:\/\/temperim.com\/blog\/wp-json\/wp\/v2\/media?parent=1817"}],"wp:term":[{"taxonomy":"category","embeddable":true,"href":"https:\/\/temperim.com\/blog\/wp-json\/wp\/v2\/categories?post=1817"},{"taxonomy":"post_tag","embeddable":true,"href":"https:\/\/temperim.com\/blog\/wp-json\/wp\/v2\/tags?post=1817"}],"curies":[{"name":"wp","href":"https:\/\/api.w.org\/{rel}","templated":true}]}}