{"id":1806,"date":"2026-07-22T11:10:20","date_gmt":"2026-07-22T14:10:20","guid":{"rendered":"https:\/\/temperim.com\/blog\/?p=1806"},"modified":"2026-07-24T11:25:42","modified_gmt":"2026-07-24T14:25:42","slug":"meta-exige-autorizacao-judicial-para-monetizacao-com-menores","status":"publish","type":"post","link":"https:\/\/temperim.com\/blog\/meta-exige-autorizacao-judicial-para-monetizacao-com-menores\/","title":{"rendered":"Meta exige autoriza\u00e7\u00e3o judicial para monetiza\u00e7\u00e3o com menores: o que muda para marcas e criadores"},"content":{"rendered":"<p>Se voc\u00ea produz conte\u00fado com crian\u00e7as ou adolescentes, ou se sua marca j\u00e1 fez alguma a\u00e7\u00e3o com influenciadores mirins, esse assunto \u00e9 urgente e precisa de aten\u00e7\u00e3o agora.<\/p>\n<p>A Meta come\u00e7ou a enviar notifica\u00e7\u00f5es para criadores de conte\u00fado no Instagram, Facebook e Threads exigindo a apresenta\u00e7\u00e3o de alvar\u00e1 judicial para manter ativas contas que monetizem publica\u00e7\u00f5es com participa\u00e7\u00e3o frequente de crian\u00e7as ou adolescentes. A medida n\u00e3o \u00e9 volunt\u00e1ria: quem n\u00e3o apresentar o documento em 20 dias tem o perfil bloqueado no Brasil.<\/p>\n<p>N\u00e3o \u00e9 exagero, n\u00e3o \u00e9 boato e n\u00e3o vai passar. \u00c9 uma mudan\u00e7a estrutural no mercado de conte\u00fado digital brasileiro, e entender o que est\u00e1 por tr\u00e1s dela \u00e9 o primeiro passo para n\u00e3o ser pego de surpresa.<\/p>\n<h2>De onde vem essa exig\u00eancia<\/h2>\n<p>A notifica\u00e7\u00e3o em massa aos criadores \u00e9 resultado direto de um acordo judicial homologado pelo Tribunal Regional do Trabalho da 2\u00aa Regi\u00e3o em mar\u00e7o de 2026, firmado com o Minist\u00e9rio P\u00fablico do Trabalho e o Minist\u00e9rio P\u00fablico de S\u00e3o Paulo.<\/p>\n<p>A Lei n\u00ba 15.211\/2025, conhecida como ECA Digital, trouxe regras mais r\u00edgidas para proteger os direitos dos menores de idade no ambiente digital e passou a exigir que pais ou respons\u00e1veis legais obtenham autoriza\u00e7\u00e3o judicial para a monetiza\u00e7\u00e3o, impulsionamento ou explora\u00e7\u00e3o comercial frequente da imagem de crian\u00e7as e adolescentes na internet.<\/p>\n<p>A l\u00f3gica por tr\u00e1s disso n\u00e3o \u00e9 nova. O artigo 149 do Estatuto da Crian\u00e7a e do Adolescente j\u00e1 previa que a participa\u00e7\u00e3o de menores em atividades art\u00edsticas, espet\u00e1culos p\u00fablicos e produ\u00e7\u00f5es com finalidade econ\u00f4mica depende de autoriza\u00e7\u00e3o da autoridade judici\u00e1ria. O que o ECA Digital fez foi estender essa exig\u00eancia ao ambiente digital, que at\u00e9 ent\u00e3o operava numa zona cinzenta.<\/p>\n<p>Em outras palavras: o que j\u00e1 valia para uma crian\u00e7a em uma novela ou em um comercial de televis\u00e3o agora vale tamb\u00e9m para um Reel patrocinado no Instagram.<\/p>\n<h2>O que mudou na pr\u00e1tica para as plataformas<\/h2>\n<p>Entre os compromissos assumidos no acordo, a Meta precisou reformular seus sistemas de controle de acesso. A autodeclara\u00e7\u00e3o de idade foi proibida como crit\u00e9rio exclusivo de verifica\u00e7\u00e3o. A empresa tamb\u00e9m dever\u00e1 implementar tecnologias que impe\u00e7am o ingresso de menores de 13 anos e restringir o acesso de usu\u00e1rios entre 13 e 17 anos aos programas de monetiza\u00e7\u00e3o direta.<\/p>\n<p>O comunicado oficial da Meta \u00e9 objetivo: qualquer menor de 18 anos que apare\u00e7a em conte\u00fado monetizado ou de marca nas plataformas da empresa no Brasil precisa ter autoriza\u00e7\u00e3o judicial v\u00e1lida. Isso inclui o criador caso seja ele pr\u00f3prio o menor, filhos de criadores e qualquer pessoa menor de idade que apare\u00e7a com frequ\u00eancia nos conte\u00fados que geram receita.<\/p>\n<p>E tem um detalhe importante: o alvar\u00e1 deve ser obtido antes da publica\u00e7\u00e3o, n\u00e3o depois.<\/p>\n<h2>O que isso significa para criadores de conte\u00fado<\/h2>\n<p>Para fam\u00edlias que constroem canais e perfis com a participa\u00e7\u00e3o dos filhos, a mudan\u00e7a \u00e9 significativa. N\u00e3o basta mais a boa vontade dos pais ou um contrato informal. Obter um alvar\u00e1 judicial pelo rito regular pode levar semanas ou meses, dependendo da comarca. Quando a notifica\u00e7\u00e3o chega, o prazo j\u00e1 \u00e9 incompat\u00edvel com o tempo do Judici\u00e1rio.<\/p>\n<p>Al\u00e9m do bloqueio da conta, o uso irregular da imagem de um menor pode gerar responsabilidade civil, com indeniza\u00e7\u00e3o por danos materiais e morais, para empresas, marcas e ag\u00eancias que veicularam o conte\u00fado sem a devida autoriza\u00e7\u00e3o judicial.<\/p>\n<p>Isso significa que o risco n\u00e3o recai apenas sobre o criador. Recai tamb\u00e9m sobre quem contratou.<\/p>\n<h2>O que muda para marcas e ag\u00eancias<\/h2>\n<p>Esse \u00e9 o ponto que muitos ainda n\u00e3o perceberam: a responsabilidade \u00e9 compartilhada.<\/p>\n<p>Se a sua empresa fechou uma a\u00e7\u00e3o com um influenciador mirim, ou se o conte\u00fado de uma campanha envolve crian\u00e7as, a aus\u00eancia do alvar\u00e1 judicial coloca sua marca em risco legal. N\u00e3o adianta dizer que &#8220;a responsabilidade \u00e9 do criador&#8221; se o conte\u00fado est\u00e1 vinculado \u00e0 sua marca e rodando nas plataformas.<\/p>\n<p>Na pr\u00e1tica, isso exige uma revis\u00e3o nos processos de contrata\u00e7\u00e3o de influenciadores. Antes de fechar qualquer parceria que envolva menores de 18 anos, \u00e9 necess\u00e1rio verificar se o alvar\u00e1 existe, se est\u00e1 vigente e se cobre o tipo de conte\u00fado que ser\u00e1 produzido. Isso deve fazer parte do briefing, do contrato e do checklist de aprova\u00e7\u00e3o de qualquer campanha daqui pra frente.<\/p>\n<h2>O que fazer agora<\/h2>\n<p>Se voc\u00ea \u00e9 criador de conte\u00fado e produz com a participa\u00e7\u00e3o de crian\u00e7as ou adolescentes, o primeiro passo \u00e9 buscar orienta\u00e7\u00e3o jur\u00eddica especializada em direito digital para entender como obter o alvar\u00e1 na sua comarca e qual o rito mais adequado para o seu caso.<\/p>\n<p>Se voc\u00ea \u00e9 gestor de marketing ou respons\u00e1vel por parcerias com influenciadores, o momento \u00e9 de revisar os contratos em vigor, incluir cl\u00e1usulas de exig\u00eancia documental para qualquer conte\u00fado com menores e criar um protocolo interno de verifica\u00e7\u00e3o antes de qualquer aprova\u00e7\u00e3o de campanha.<\/p>\n<h2>Por que esse tema importa al\u00e9m da quest\u00e3o legal<\/h2>\n<p>A regula\u00e7\u00e3o do trabalho infantil digital era inevit\u00e1vel. O mercado de influ\u00eancia cresceu de forma acelerada e sem par\u00e2metros claros, e crian\u00e7as foram inseridas nesse ecossistema muitas vezes sem qualquer prote\u00e7\u00e3o formal. A exig\u00eancia do alvar\u00e1 \u00e9 uma corre\u00e7\u00e3o necess\u00e1ria, ainda que gere impacto operacional relevante para quem sempre operou sem essa estrutura.<\/p>\n<p>Para o mercado publicit\u00e1rio, essa mudan\u00e7a tende a profissionalizar as rela\u00e7\u00f5es com criadores que envolvem menores e a reduzir a\u00e7\u00f5es improvisadas. Quem se adaptar r\u00e1pido vai ter menos concorr\u00eancia nesse nicho. Quem ignorar vai carregar um risco jur\u00eddico e reputacional que n\u00e3o vale o custo.<\/p>\n<h3>Por fim&#8230;<\/h3>\n<p>Novas regras sempre geram desconforto. Mas ignor\u00e1-las gera algo pior: bloqueio de conta, responsabilidade legal e dano \u00e0 reputa\u00e7\u00e3o da marca. A melhor resposta para uma mudan\u00e7a regulat\u00f3ria dessa magnitude \u00e9 informa\u00e7\u00e3o r\u00e1pida e adapta\u00e7\u00e3o mais r\u00e1pida ainda.<\/p>\n<p>A <a href=\"https:\/\/temperim.com\/contato\/?utm_source=blog&amp;utm_medium=organic&amp;utm_campaign=post_blog&amp;utm_content=meta-menores\" target=\"_blank\" rel=\"noopener\"><strong>Temperim pode ajudar<\/strong><\/a> a revisar sua estrat\u00e9gia de conte\u00fado, garantindo que cada a\u00e7\u00e3o esteja alinhada n\u00e3o s\u00f3 \u00e0s boas pr\u00e1ticas de comunica\u00e7\u00e3o, mas tamb\u00e9m ao que a lei exige.<\/p>\n","protected":false},"excerpt":{"rendered":"<p>A Meta passou a exigir alvar\u00e1 judicial para monetiza\u00e7\u00e3o de conte\u00fado com menores no Brasil. Entenda o que mudou, quem \u00e9 afetado e o que marcas e criadores precisam fazer agora.<\/p>\n","protected":false},"author":2,"featured_media":1807,"comment_status":"closed","ping_status":"open","sticky":false,"template":"","format":"standard","meta":{"footnotes":""},"categories":[54],"tags":[305,300,301,33,304,57,277,302,289,303],"class_list":["post-1806","post","type-post","status-publish","format-standard","has-post-thumbnail","hentry","category-fique-por-dentro","tag-criadores-de-conteudo","tag-eca-digital","tag-influencer-marketing","tag-instagram","tag-marcas","tag-marketing-digital","tag-meta","tag-regulacao","tag-temperim","tag-trabalho-infantil-digital"],"yoast_head":"<!-- This site is optimized with the Yoast SEO plugin v28.3 - https:\/\/yoast.com\/product\/yoast-seo-wordpress\/ -->\n<title>Meta exige autoriza\u00e7\u00e3o judicial para monetiza\u00e7\u00e3o com menores - Mexid\u00e3o<\/title>\n<meta name=\"description\" content=\"A Meta passou a exigir alvar\u00e1 judicial para monetiza\u00e7\u00e3o de conte\u00fado com menores no Brasil. Entenda o que mudou, quem \u00e9 afetado e o que marcas e criadores precisam fazer agora.\" \/>\n<meta name=\"robots\" content=\"index, follow, max-snippet:-1, max-image-preview:large, max-video-preview:-1\" \/>\n<link rel=\"canonical\" href=\"https:\/\/temperim.com\/blog\/meta-exige-autorizacao-judicial-para-monetizacao-com-menores\/\" \/>\n<meta property=\"og:locale\" content=\"pt_BR\" \/>\n<meta property=\"og:type\" content=\"article\" \/>\n<meta property=\"og:title\" content=\"Meta exige autoriza\u00e7\u00e3o judicial para monetiza\u00e7\u00e3o com menores - Mexid\u00e3o\" \/>\n<meta property=\"og:description\" content=\"A Meta passou a exigir alvar\u00e1 judicial para monetiza\u00e7\u00e3o de conte\u00fado com menores no Brasil. Entenda o que mudou, quem \u00e9 afetado e o que marcas e criadores precisam fazer agora.\" \/>\n<meta property=\"og:url\" content=\"https:\/\/temperim.com\/blog\/meta-exige-autorizacao-judicial-para-monetizacao-com-menores\/\" \/>\n<meta property=\"og:site_name\" content=\"Mexid\u00e3o\" \/>\n<meta property=\"article:published_time\" content=\"2026-07-22T14:10:20+00:00\" \/>\n<meta property=\"article:modified_time\" content=\"2026-07-24T14:25:42+00:00\" \/>\n<meta property=\"og:image\" content=\"https:\/\/temperim.com\/blog\/wp-content\/uploads\/2026\/07\/meta-autorizacao-menores-temperim.jpg\" \/>\n\t<meta property=\"og:image:width\" content=\"1920\" \/>\n\t<meta property=\"og:image:height\" content=\"1080\" \/>\n\t<meta property=\"og:image:type\" content=\"image\/jpeg\" \/>\n<meta name=\"author\" content=\"Daniela Pereira\" \/>\n<meta name=\"twitter:card\" content=\"summary_large_image\" \/>\n<meta name=\"twitter:label1\" content=\"Escrito por\" \/>\n\t<meta name=\"twitter:data1\" content=\"Daniela Pereira\" \/>\n\t<meta name=\"twitter:label2\" content=\"Est. tempo de leitura\" \/>\n\t<meta name=\"twitter:data2\" content=\"6 minutos\" \/>\n<script type=\"application\/ld+json\" class=\"yoast-schema-graph\">{\"@context\":\"https:\\\/\\\/schema.org\",\"@graph\":[{\"@type\":\"Article\",\"@id\":\"https:\\\/\\\/temperim.com\\\/blog\\\/meta-exige-autorizacao-judicial-para-monetizacao-com-menores\\\/#article\",\"isPartOf\":{\"@id\":\"https:\\\/\\\/temperim.com\\\/blog\\\/meta-exige-autorizacao-judicial-para-monetizacao-com-menores\\\/\"},\"author\":{\"name\":\"Daniela Pereira\",\"@id\":\"https:\\\/\\\/temperim.com\\\/blog\\\/#\\\/schema\\\/person\\\/316adb7d808d2b38684b0e176d037cfe\"},\"headline\":\"Meta exige autoriza\u00e7\u00e3o judicial para monetiza\u00e7\u00e3o com menores: o que muda para marcas e criadores\",\"datePublished\":\"2026-07-22T14:10:20+00:00\",\"dateModified\":\"2026-07-24T14:25:42+00:00\",\"mainEntityOfPage\":{\"@id\":\"https:\\\/\\\/temperim.com\\\/blog\\\/meta-exige-autorizacao-judicial-para-monetizacao-com-menores\\\/\"},\"wordCount\":1097,\"publisher\":{\"@id\":\"https:\\\/\\\/temperim.com\\\/blog\\\/#organization\"},\"image\":{\"@id\":\"https:\\\/\\\/temperim.com\\\/blog\\\/meta-exige-autorizacao-judicial-para-monetizacao-com-menores\\\/#primaryimage\"},\"thumbnailUrl\":\"https:\\\/\\\/temperim.com\\\/blog\\\/wp-content\\\/uploads\\\/2026\\\/07\\\/meta-autorizacao-menores-temperim.jpg\",\"keywords\":[\"Criadores de Conte\u00fado\",\"ECA Digital\",\"Influencer Marketing\",\"instagram\",\"Marcas\",\"marketing digital\",\"meta\",\"Regula\u00e7\u00e3o\",\"Temperim\",\"Trabalho Infantil Digital\"],\"articleSection\":[\"Fique por Dentro\"],\"inLanguage\":\"pt-BR\"},{\"@type\":\"WebPage\",\"@id\":\"https:\\\/\\\/temperim.com\\\/blog\\\/meta-exige-autorizacao-judicial-para-monetizacao-com-menores\\\/\",\"url\":\"https:\\\/\\\/temperim.com\\\/blog\\\/meta-exige-autorizacao-judicial-para-monetizacao-com-menores\\\/\",\"name\":\"Meta exige autoriza\u00e7\u00e3o judicial para monetiza\u00e7\u00e3o com menores - Mexid\u00e3o\",\"isPartOf\":{\"@id\":\"https:\\\/\\\/temperim.com\\\/blog\\\/#website\"},\"primaryImageOfPage\":{\"@id\":\"https:\\\/\\\/temperim.com\\\/blog\\\/meta-exige-autorizacao-judicial-para-monetizacao-com-menores\\\/#primaryimage\"},\"image\":{\"@id\":\"https:\\\/\\\/temperim.com\\\/blog\\\/meta-exige-autorizacao-judicial-para-monetizacao-com-menores\\\/#primaryimage\"},\"thumbnailUrl\":\"https:\\\/\\\/temperim.com\\\/blog\\\/wp-content\\\/uploads\\\/2026\\\/07\\\/meta-autorizacao-menores-temperim.jpg\",\"datePublished\":\"2026-07-22T14:10:20+00:00\",\"dateModified\":\"2026-07-24T14:25:42+00:00\",\"description\":\"A Meta passou a exigir alvar\u00e1 judicial para monetiza\u00e7\u00e3o de conte\u00fado com menores no Brasil. Entenda o que mudou, quem \u00e9 afetado e o que marcas e criadores precisam fazer agora.\",\"breadcrumb\":{\"@id\":\"https:\\\/\\\/temperim.com\\\/blog\\\/meta-exige-autorizacao-judicial-para-monetizacao-com-menores\\\/#breadcrumb\"},\"inLanguage\":\"pt-BR\",\"potentialAction\":[{\"@type\":\"ReadAction\",\"target\":[\"https:\\\/\\\/temperim.com\\\/blog\\\/meta-exige-autorizacao-judicial-para-monetizacao-com-menores\\\/\"]}]},{\"@type\":\"ImageObject\",\"inLanguage\":\"pt-BR\",\"@id\":\"https:\\\/\\\/temperim.com\\\/blog\\\/meta-exige-autorizacao-judicial-para-monetizacao-com-menores\\\/#primaryimage\",\"url\":\"https:\\\/\\\/temperim.com\\\/blog\\\/wp-content\\\/uploads\\\/2026\\\/07\\\/meta-autorizacao-menores-temperim.jpg\",\"contentUrl\":\"https:\\\/\\\/temperim.com\\\/blog\\\/wp-content\\\/uploads\\\/2026\\\/07\\\/meta-autorizacao-menores-temperim.jpg\",\"width\":1920,\"height\":1080,\"caption\":\"Meta exige autoriza\u00e7\u00e3o judicial para monetiza\u00e7\u00e3o com menores\"},{\"@type\":\"BreadcrumbList\",\"@id\":\"https:\\\/\\\/temperim.com\\\/blog\\\/meta-exige-autorizacao-judicial-para-monetizacao-com-menores\\\/#breadcrumb\",\"itemListElement\":[{\"@type\":\"ListItem\",\"position\":1,\"name\":\"Home\",\"item\":\"https:\\\/\\\/temperim.com\\\/blog\\\/\"},{\"@type\":\"ListItem\",\"position\":2,\"name\":\"Fique por Dentro\",\"item\":\"https:\\\/\\\/temperim.com\\\/blog\\\/categoria\\\/fique-por-dentro\\\/\"},{\"@type\":\"ListItem\",\"position\":3,\"name\":\"Meta exige autoriza\u00e7\u00e3o judicial para monetiza\u00e7\u00e3o com menores: o que muda para marcas e criadores\"}]},{\"@type\":\"WebSite\",\"@id\":\"https:\\\/\\\/temperim.com\\\/blog\\\/#website\",\"url\":\"https:\\\/\\\/temperim.com\\\/blog\\\/\",\"name\":\"Mexid\u00e3o - o blog da Ag\u00eancia Temperim\",\"description\":\"o blog da Ag\u00eancia Temperim\",\"publisher\":{\"@id\":\"https:\\\/\\\/temperim.com\\\/blog\\\/#organization\"},\"alternateName\":\"Mexid\u00e3o - o blog da Ag\u00eancia Temperim\",\"potentialAction\":[{\"@type\":\"SearchAction\",\"target\":{\"@type\":\"EntryPoint\",\"urlTemplate\":\"https:\\\/\\\/temperim.com\\\/blog\\\/?s={search_term_string}\"},\"query-input\":{\"@type\":\"PropertyValueSpecification\",\"valueRequired\":true,\"valueName\":\"search_term_string\"}}],\"inLanguage\":\"pt-BR\"},{\"@type\":\"Organization\",\"@id\":\"https:\\\/\\\/temperim.com\\\/blog\\\/#organization\",\"name\":\"Mexid\u00e3o - o blog da Ag\u00eancia Temperim\",\"alternateName\":\"Mexid\u00e3o - o blog da Ag\u00eancia Temperim\",\"url\":\"https:\\\/\\\/temperim.com\\\/blog\\\/\",\"logo\":{\"@type\":\"ImageObject\",\"inLanguage\":\"pt-BR\",\"@id\":\"https:\\\/\\\/temperim.com\\\/blog\\\/#\\\/schema\\\/logo\\\/image\\\/\",\"url\":\"https:\\\/\\\/temperim.com\\\/blog\\\/wp-content\\\/uploads\\\/2026\\\/06\\\/mexidao2-e1777947401510.png\",\"contentUrl\":\"https:\\\/\\\/temperim.com\\\/blog\\\/wp-content\\\/uploads\\\/2026\\\/06\\\/mexidao2-e1777947401510.png\",\"width\":1300,\"height\":460,\"caption\":\"Mexid\u00e3o - o blog da Ag\u00eancia Temperim\"},\"image\":{\"@id\":\"https:\\\/\\\/temperim.com\\\/blog\\\/#\\\/schema\\\/logo\\\/image\\\/\"},\"sameAs\":[\"https:\\\/\\\/www.instagram.com\\\/agenciatemperim\\\/\",\"https:\\\/\\\/www.linkedin.com\\\/company\\\/agenciatemperim\\\/\"]},{\"@type\":\"Person\",\"@id\":\"https:\\\/\\\/temperim.com\\\/blog\\\/#\\\/schema\\\/person\\\/316adb7d808d2b38684b0e176d037cfe\",\"name\":\"Daniela Pereira\",\"pronouns\":\"ela\\\/dela\",\"image\":{\"@type\":\"ImageObject\",\"inLanguage\":\"pt-BR\",\"@id\":\"https:\\\/\\\/temperim.com\\\/blog\\\/wp-content\\\/litespeed\\\/avatar\\\/f536d8fd357c722186d9d4d125854110.jpg?ver=1788316506\",\"url\":\"https:\\\/\\\/temperim.com\\\/blog\\\/wp-content\\\/litespeed\\\/avatar\\\/f536d8fd357c722186d9d4d125854110.jpg?ver=1788316506\",\"contentUrl\":\"https:\\\/\\\/temperim.com\\\/blog\\\/wp-content\\\/litespeed\\\/avatar\\\/f536d8fd357c722186d9d4d125854110.jpg?ver=1788316506\",\"caption\":\"Daniela Pereira\"},\"description\":\"Co-founder &amp; Head de Projetos @ Ag\u00eancia Temperim\",\"sameAs\":[\"https:\\\/\\\/temperim.com\\\/\"]}]}<\/script>\n<!-- \/ Yoast SEO plugin. -->","yoast_head_json":{"title":"Meta exige autoriza\u00e7\u00e3o judicial para monetiza\u00e7\u00e3o com menores - Mexid\u00e3o","description":"A Meta passou a exigir alvar\u00e1 judicial para monetiza\u00e7\u00e3o de conte\u00fado com menores no Brasil. Entenda o que mudou, quem \u00e9 afetado e o que marcas e criadores precisam fazer agora.","robots":{"index":"index","follow":"follow","max-snippet":"max-snippet:-1","max-image-preview":"max-image-preview:large","max-video-preview":"max-video-preview:-1"},"canonical":"https:\/\/temperim.com\/blog\/meta-exige-autorizacao-judicial-para-monetizacao-com-menores\/","og_locale":"pt_BR","og_type":"article","og_title":"Meta exige autoriza\u00e7\u00e3o judicial para monetiza\u00e7\u00e3o com menores - Mexid\u00e3o","og_description":"A Meta passou a exigir alvar\u00e1 judicial para monetiza\u00e7\u00e3o de conte\u00fado com menores no Brasil. Entenda o que mudou, quem \u00e9 afetado e o que marcas e criadores precisam fazer agora.","og_url":"https:\/\/temperim.com\/blog\/meta-exige-autorizacao-judicial-para-monetizacao-com-menores\/","og_site_name":"Mexid\u00e3o","article_published_time":"2026-07-22T14:10:20+00:00","article_modified_time":"2026-07-24T14:25:42+00:00","og_image":[{"width":1920,"height":1080,"url":"https:\/\/temperim.com\/blog\/wp-content\/uploads\/2026\/07\/meta-autorizacao-menores-temperim.jpg","type":"image\/jpeg"}],"author":"Daniela Pereira","twitter_card":"summary_large_image","twitter_misc":{"Escrito por":"Daniela Pereira","Est. tempo de leitura":"6 minutos"},"schema":{"@context":"https:\/\/schema.org","@graph":[{"@type":"Article","@id":"https:\/\/temperim.com\/blog\/meta-exige-autorizacao-judicial-para-monetizacao-com-menores\/#article","isPartOf":{"@id":"https:\/\/temperim.com\/blog\/meta-exige-autorizacao-judicial-para-monetizacao-com-menores\/"},"author":{"name":"Daniela Pereira","@id":"https:\/\/temperim.com\/blog\/#\/schema\/person\/316adb7d808d2b38684b0e176d037cfe"},"headline":"Meta exige autoriza\u00e7\u00e3o judicial para monetiza\u00e7\u00e3o com menores: o que muda para marcas e criadores","datePublished":"2026-07-22T14:10:20+00:00","dateModified":"2026-07-24T14:25:42+00:00","mainEntityOfPage":{"@id":"https:\/\/temperim.com\/blog\/meta-exige-autorizacao-judicial-para-monetizacao-com-menores\/"},"wordCount":1097,"publisher":{"@id":"https:\/\/temperim.com\/blog\/#organization"},"image":{"@id":"https:\/\/temperim.com\/blog\/meta-exige-autorizacao-judicial-para-monetizacao-com-menores\/#primaryimage"},"thumbnailUrl":"https:\/\/temperim.com\/blog\/wp-content\/uploads\/2026\/07\/meta-autorizacao-menores-temperim.jpg","keywords":["Criadores de Conte\u00fado","ECA Digital","Influencer Marketing","instagram","Marcas","marketing digital","meta","Regula\u00e7\u00e3o","Temperim","Trabalho Infantil Digital"],"articleSection":["Fique por Dentro"],"inLanguage":"pt-BR"},{"@type":"WebPage","@id":"https:\/\/temperim.com\/blog\/meta-exige-autorizacao-judicial-para-monetizacao-com-menores\/","url":"https:\/\/temperim.com\/blog\/meta-exige-autorizacao-judicial-para-monetizacao-com-menores\/","name":"Meta exige autoriza\u00e7\u00e3o judicial para monetiza\u00e7\u00e3o com menores - Mexid\u00e3o","isPartOf":{"@id":"https:\/\/temperim.com\/blog\/#website"},"primaryImageOfPage":{"@id":"https:\/\/temperim.com\/blog\/meta-exige-autorizacao-judicial-para-monetizacao-com-menores\/#primaryimage"},"image":{"@id":"https:\/\/temperim.com\/blog\/meta-exige-autorizacao-judicial-para-monetizacao-com-menores\/#primaryimage"},"thumbnailUrl":"https:\/\/temperim.com\/blog\/wp-content\/uploads\/2026\/07\/meta-autorizacao-menores-temperim.jpg","datePublished":"2026-07-22T14:10:20+00:00","dateModified":"2026-07-24T14:25:42+00:00","description":"A Meta passou a exigir alvar\u00e1 judicial para monetiza\u00e7\u00e3o de conte\u00fado com menores no Brasil. Entenda o que mudou, quem \u00e9 afetado e o que marcas e criadores precisam fazer agora.","breadcrumb":{"@id":"https:\/\/temperim.com\/blog\/meta-exige-autorizacao-judicial-para-monetizacao-com-menores\/#breadcrumb"},"inLanguage":"pt-BR","potentialAction":[{"@type":"ReadAction","target":["https:\/\/temperim.com\/blog\/meta-exige-autorizacao-judicial-para-monetizacao-com-menores\/"]}]},{"@type":"ImageObject","inLanguage":"pt-BR","@id":"https:\/\/temperim.com\/blog\/meta-exige-autorizacao-judicial-para-monetizacao-com-menores\/#primaryimage","url":"https:\/\/temperim.com\/blog\/wp-content\/uploads\/2026\/07\/meta-autorizacao-menores-temperim.jpg","contentUrl":"https:\/\/temperim.com\/blog\/wp-content\/uploads\/2026\/07\/meta-autorizacao-menores-temperim.jpg","width":1920,"height":1080,"caption":"Meta exige autoriza\u00e7\u00e3o judicial para monetiza\u00e7\u00e3o com menores"},{"@type":"BreadcrumbList","@id":"https:\/\/temperim.com\/blog\/meta-exige-autorizacao-judicial-para-monetizacao-com-menores\/#breadcrumb","itemListElement":[{"@type":"ListItem","position":1,"name":"Home","item":"https:\/\/temperim.com\/blog\/"},{"@type":"ListItem","position":2,"name":"Fique por Dentro","item":"https:\/\/temperim.com\/blog\/categoria\/fique-por-dentro\/"},{"@type":"ListItem","position":3,"name":"Meta exige autoriza\u00e7\u00e3o judicial para monetiza\u00e7\u00e3o com menores: o que muda para marcas e criadores"}]},{"@type":"WebSite","@id":"https:\/\/temperim.com\/blog\/#website","url":"https:\/\/temperim.com\/blog\/","name":"Mexid\u00e3o - o blog da Ag\u00eancia Temperim","description":"o blog da Ag\u00eancia Temperim","publisher":{"@id":"https:\/\/temperim.com\/blog\/#organization"},"alternateName":"Mexid\u00e3o - o blog da Ag\u00eancia Temperim","potentialAction":[{"@type":"SearchAction","target":{"@type":"EntryPoint","urlTemplate":"https:\/\/temperim.com\/blog\/?s={search_term_string}"},"query-input":{"@type":"PropertyValueSpecification","valueRequired":true,"valueName":"search_term_string"}}],"inLanguage":"pt-BR"},{"@type":"Organization","@id":"https:\/\/temperim.com\/blog\/#organization","name":"Mexid\u00e3o - o blog da Ag\u00eancia Temperim","alternateName":"Mexid\u00e3o - o blog da Ag\u00eancia Temperim","url":"https:\/\/temperim.com\/blog\/","logo":{"@type":"ImageObject","inLanguage":"pt-BR","@id":"https:\/\/temperim.com\/blog\/#\/schema\/logo\/image\/","url":"https:\/\/temperim.com\/blog\/wp-content\/uploads\/2026\/06\/mexidao2-e1777947401510.png","contentUrl":"https:\/\/temperim.com\/blog\/wp-content\/uploads\/2026\/06\/mexidao2-e1777947401510.png","width":1300,"height":460,"caption":"Mexid\u00e3o - o blog da Ag\u00eancia Temperim"},"image":{"@id":"https:\/\/temperim.com\/blog\/#\/schema\/logo\/image\/"},"sameAs":["https:\/\/www.instagram.com\/agenciatemperim\/","https:\/\/www.linkedin.com\/company\/agenciatemperim\/"]},{"@type":"Person","@id":"https:\/\/temperim.com\/blog\/#\/schema\/person\/316adb7d808d2b38684b0e176d037cfe","name":"Daniela Pereira","pronouns":"ela\/dela","image":{"@type":"ImageObject","inLanguage":"pt-BR","@id":"https:\/\/temperim.com\/blog\/wp-content\/litespeed\/avatar\/f536d8fd357c722186d9d4d125854110.jpg?ver=1788316506","url":"https:\/\/temperim.com\/blog\/wp-content\/litespeed\/avatar\/f536d8fd357c722186d9d4d125854110.jpg?ver=1788316506","contentUrl":"https:\/\/temperim.com\/blog\/wp-content\/litespeed\/avatar\/f536d8fd357c722186d9d4d125854110.jpg?ver=1788316506","caption":"Daniela Pereira"},"description":"Co-founder &amp; Head de Projetos @ Ag\u00eancia Temperim","sameAs":["https:\/\/temperim.com\/"]}]}},"_links":{"self":[{"href":"https:\/\/temperim.com\/blog\/wp-json\/wp\/v2\/posts\/1806","targetHints":{"allow":["GET"]}}],"collection":[{"href":"https:\/\/temperim.com\/blog\/wp-json\/wp\/v2\/posts"}],"about":[{"href":"https:\/\/temperim.com\/blog\/wp-json\/wp\/v2\/types\/post"}],"author":[{"embeddable":true,"href":"https:\/\/temperim.com\/blog\/wp-json\/wp\/v2\/users\/2"}],"replies":[{"embeddable":true,"href":"https:\/\/temperim.com\/blog\/wp-json\/wp\/v2\/comments?post=1806"}],"version-history":[{"count":4,"href":"https:\/\/temperim.com\/blog\/wp-json\/wp\/v2\/posts\/1806\/revisions"}],"predecessor-version":[{"id":1811,"href":"https:\/\/temperim.com\/blog\/wp-json\/wp\/v2\/posts\/1806\/revisions\/1811"}],"wp:featuredmedia":[{"embeddable":true,"href":"https:\/\/temperim.com\/blog\/wp-json\/wp\/v2\/media\/1807"}],"wp:attachment":[{"href":"https:\/\/temperim.com\/blog\/wp-json\/wp\/v2\/media?parent=1806"}],"wp:term":[{"taxonomy":"category","embeddable":true,"href":"https:\/\/temperim.com\/blog\/wp-json\/wp\/v2\/categories?post=1806"},{"taxonomy":"post_tag","embeddable":true,"href":"https:\/\/temperim.com\/blog\/wp-json\/wp\/v2\/tags?post=1806"}],"curies":[{"name":"wp","href":"https:\/\/api.w.org\/{rel}","templated":true}]}}