{"id":1774,"date":"2026-08-14T10:00:01","date_gmt":"2026-08-14T13:00:01","guid":{"rendered":"https:\/\/temperim.com\/blog\/?p=1774"},"modified":"2026-08-12T15:12:39","modified_gmt":"2026-08-12T18:12:39","slug":"funil-de-vendas","status":"publish","type":"post","link":"https:\/\/temperim.com\/blog\/funil-de-vendas\/","title":{"rendered":"Funil de vendas: por que sua empresa deveria adotar essa estrat\u00e9gia?"},"content":{"rendered":"<p>Voc\u00ea j\u00e1 teve a sensa\u00e7\u00e3o de que sua empresa recebe muitos visitantes, seguidores ou contatos\u2026 mas poucas dessas pessoas realmente compram?<\/p>\n<p>Esse \u00e9 um dos desafios mais comuns no marketing digital.<\/p>\n<p>Muitas empresas investem em divulga\u00e7\u00e3o, criam conte\u00fados, fazem an\u00fancios e movimentam suas redes sociais, mas esquecem de uma parte essencial: entender o caminho que o cliente percorre at\u00e9 tomar uma decis\u00e3o de compra.<\/p>\n<p>\u00c9 justamente para organizar esse processo que existe o funil de vendas.<\/p>\n<p>E antes que voc\u00ea pense que isso \u00e9 algo apenas para grandes empresas ou neg\u00f3cios digitais, j\u00e1 adiantamos: praticamente qualquer empresa pode se beneficiar de uma estrat\u00e9gia de funil bem estruturada.<\/p>\n<p>Vamos explicar.<\/p>\n<h2>Afinal, o que \u00e9 um funil de vendas?<\/h2>\n<p>Imagine que uma pessoa conheceu sua empresa hoje. Ela viu um an\u00fancio, encontrou seu site no Google ou recebeu uma indica\u00e7\u00e3o. Nesse primeiro momento, ela provavelmente ainda n\u00e3o est\u00e1 pronta para comprar. Ela pode estar apenas descobrindo que tem um problema, pesquisando solu\u00e7\u00f5es ou comparando op\u00e7\u00f5es.<\/p>\n<p>O funil de vendas representa justamente essa jornada:<\/p>\n<h3 style=\"text-align: left;\">Descoberta \u2192 Interesse \u2192 Confian\u00e7a \u2192 Decis\u00e3o \u2192 Compra<\/h3>\n<p><img fetchpriority=\"high\" decoding=\"async\" class=\"wp-image-1779 alignnone\" src=\"https:\/\/temperim.com\/blog\/wp-content\/uploads\/2026\/06\/funil-de-vendas-2.png\" alt=\"\" width=\"564\" height=\"400\" srcset=\"https:\/\/temperim.com\/blog\/wp-content\/uploads\/2026\/06\/funil-de-vendas-2.png 1113w, https:\/\/temperim.com\/blog\/wp-content\/uploads\/2026\/06\/funil-de-vendas-2-300x213.png 300w, https:\/\/temperim.com\/blog\/wp-content\/uploads\/2026\/06\/funil-de-vendas-2-1024x727.png 1024w, https:\/\/temperim.com\/blog\/wp-content\/uploads\/2026\/06\/funil-de-vendas-2-768x545.png 768w\" sizes=\"(max-width: 564px) 100vw, 564px\" \/><\/p>\n<p>Ou seja, ele organiza as etapas pelas quais um potencial cliente passa at\u00e9 se tornar cliente. O nome &#8220;funil&#8221; vem porque, no in\u00edcio, muitas pessoas entram em contato com a marca, mas apenas uma parte delas avan\u00e7a at\u00e9 a compra.<\/p>\n<h2>As etapas do funil de vendas<\/h2>\n<h3>1. Topo do funil: despertar interesse<\/h3>\n<p>Aqui est\u00e3o pessoas que ainda n\u00e3o conhecem bem sua empresa ou talvez nem tenham percebido que precisam da sua solu\u00e7\u00e3o.<\/p>\n<p>O objetivo \u00e9 gerar aten\u00e7\u00e3o e educar.<\/p>\n<p>Exemplos:<\/p>\n<ul>\n<li>conte\u00fados em blog;<\/li>\n<li>posts nas redes sociais;<\/li>\n<li>v\u00eddeos educativos;<\/li>\n<li>an\u00fancios de reconhecimento de marca.<\/li>\n<\/ul>\n<p>Uma empresa de contabilidade, por exemplo, pode criar um conte\u00fado sobre: <em>&#8220;5 erros fiscais que podem prejudicar pequenas empresas.&#8221;<\/em><\/p>\n<p>O leitor talvez ainda n\u00e3o esteja procurando um contador, mas come\u00e7a a perceber uma necessidade.<\/p>\n<h3>2. Meio do funil: gerar relacionamento<\/h3>\n<p>Agora a pessoa j\u00e1 entende melhor o problema e come\u00e7a a buscar alternativas. \u00c9 o momento de mostrar conhecimento e construir confian\u00e7a.<\/p>\n<p>Aqui entram:<\/p>\n<ul>\n<li>e-books;<\/li>\n<li>newsletters;<\/li>\n<li>estudos de caso;<\/li>\n<li>materiais educativos;<\/li>\n<li>landing pages.<\/li>\n<\/ul>\n<p>O objetivo n\u00e3o \u00e9 vender imediatamente, mas criar uma rela\u00e7\u00e3o. Afinal, dificilmente algu\u00e9m escolhe uma empresa apenas porque viu um an\u00fancio uma vez.<\/p>\n<h3>3. Fundo do funil: transformar interesse em venda<\/h3>\n<p>Neste momento, o potencial cliente j\u00e1 est\u00e1 avaliando solu\u00e7\u00f5es.<\/p>\n<p>Ele quer saber:<\/p>\n<ul>\n<li>por que escolher sua empresa?<\/li>\n<li>quais s\u00e3o seus diferenciais?<\/li>\n<li>quanto custa?<\/li>\n<li>como funciona?<\/li>\n<\/ul>\n<p>Aqui entram:<\/p>\n<ul>\n<li>demonstra\u00e7\u00f5es;<\/li>\n<li>propostas comerciais;<\/li>\n<li>depoimentos;<\/li>\n<li>ofertas;<\/li>\n<li>contato com equipe comercial.<\/li>\n<\/ul>\n<p>\u00c9 quando marketing e vendas precisam trabalhar juntos.<\/p>\n<h2>O funil de vendas serve para todos os neg\u00f3cios?<\/h2>\n<p>A resposta curta: sim, mas com adapta\u00e7\u00f5es. O erro comum \u00e9 imaginar que todo neg\u00f3cio precisa do mesmo funil, com as mesmas etapas e ferramentas. N\u00e3o funciona assim.<\/p>\n<p>Uma loja de roupas, uma ind\u00fastria B2B e uma cl\u00ednica m\u00e9dica possuem jornadas completamente diferentes.<\/p>\n<h3>Uma loja online<\/h3>\n<p>Pode ter uma jornada mais r\u00e1pida: <strong>An\u00fancio \u2192 Produto \u2192 Compra<\/strong><\/p>\n<h3>Uma ind\u00fastria<\/h3>\n<p>Pode precisar de meses de relacionamento: <strong>Conte\u00fado t\u00e9cnico \u2192 Captura de lead \u2192 Reuni\u00f5es \u2192 Proposta \u2192 Contrato<\/strong><\/p>\n<h3>Um restaurante<\/h3>\n<p>Pode trabalhar: <strong>Instagram \u2192 Card\u00e1pio \u2192 Pedido \u2192 Fideliza\u00e7\u00e3o<\/strong><\/p>\n<p>O conceito \u00e9 o mesmo: entender o caminho do cliente e criar pontos de contato estrat\u00e9gicos.<\/p>\n<p><img decoding=\"async\" class=\"aligncenter size-full wp-image-1780\" src=\"https:\/\/temperim.com\/blog\/wp-content\/uploads\/2026\/06\/funil-de-vendas-3.jpg\" alt=\"Funil de vendas\" width=\"1147\" height=\"765\" srcset=\"https:\/\/temperim.com\/blog\/wp-content\/uploads\/2026\/06\/funil-de-vendas-3.jpg 1147w, https:\/\/temperim.com\/blog\/wp-content\/uploads\/2026\/06\/funil-de-vendas-3-300x200.jpg 300w, https:\/\/temperim.com\/blog\/wp-content\/uploads\/2026\/06\/funil-de-vendas-3-1024x683.jpg 1024w, https:\/\/temperim.com\/blog\/wp-content\/uploads\/2026\/06\/funil-de-vendas-3-768x512.jpg 768w\" sizes=\"(max-width: 1147px) 100vw, 1147px\" \/><\/p>\n<h2>5 raz\u00f5es para sua empresa adotar um funil de vendas<\/h2>\n<h3>1. Voc\u00ea entende melhor seus clientes<\/h3>\n<p>O funil ajuda a responder perguntas importantes:<\/p>\n<ul>\n<li>Quem s\u00e3o seus clientes?<\/li>\n<li>O que eles procuram?<\/li>\n<li>Quais d\u00favidas aparecem antes da compra?<\/li>\n<li>O que impede uma decis\u00e3o?<\/li>\n<\/ul>\n<p>Com essas respostas, a comunica\u00e7\u00e3o fica muito mais eficiente.<\/p>\n<h3>2. Voc\u00ea deixa de criar conte\u00fado sem objetivo<\/h3>\n<p>Muitas empresas publicam porque &#8220;precisam postar&#8221;. Mas uma estrat\u00e9gia de conte\u00fado eficiente tem uma fun\u00e7\u00e3o.<\/p>\n<p>Um post pode atrair novos p\u00fablicos, um artigo pode gerar autoridade, um material rico pode capturar contatos, uma campanha pode gerar vendas.<\/p>\n<p>Tudo faz parte de uma estrat\u00e9gia maior.<\/p>\n<h3>3. Voc\u00ea investe melhor seu dinheiro<\/h3>\n<p>Sem estrat\u00e9gia, \u00e9 comum gastar em an\u00fancios tentando vender para pessoas que ainda n\u00e3o est\u00e3o prontas.<\/p>\n<p>O funil ajuda a entender: <em>&#8220;Essa pessoa precisa conhecer minha marca ou j\u00e1 est\u00e1 preparada para comprar?&#8221;<\/em><\/p>\n<p>Isso melhora a efici\u00eancia dos investimentos.<\/p>\n<h3>4. Marketing e vendas trabalham juntos<\/h3>\n<p>Um dos maiores problemas das empresas \u00e9 quando marketing gera oportunidades, mas vendas n\u00e3o sabe como aproveit\u00e1-las.<\/p>\n<p>Com um funil definido, fica mais claro:<\/p>\n<ul>\n<li>quando um contato est\u00e1 pronto;<\/li>\n<li>quais informa\u00e7\u00f5es precisam ser passadas;<\/li>\n<li>como acompanhar cada oportunidade.<\/li>\n<\/ul>\n<h3>5. Voc\u00ea consegue medir e melhorar resultados<\/h3>\n<p>O funil transforma marketing em algo mais previs\u00edvel.<\/p>\n<p>\u00c9 poss\u00edvel acompanhar:<\/p>\n<ul>\n<li>quantas pessoas conheceram sua marca;<\/li>\n<li>quantas demonstraram interesse;<\/li>\n<li>quantas viraram oportunidades;<\/li>\n<li>quantas compraram.<\/li>\n<\/ul>\n<p>Assim, as decis\u00f5es deixam de ser baseadas em opini\u00e3o e passam a ser baseadas em dados.<\/p>\n<h2>Funil de vendas n\u00e3o \u00e9 uma f\u00f3rmula m\u00e1gica<\/h2>\n<p>Adotar um funil n\u00e3o significa que todas as vendas acontecer\u00e3o automaticamente. Ele \u00e9 uma ferramenta para organizar estrat\u00e9gias, melhorar a comunica\u00e7\u00e3o e criar uma jornada mais inteligente para seus clientes. O ingrediente principal continua sendo entender pessoas. Porque antes de comprar um produto ou contratar um servi\u00e7o, todo cliente passa por uma jornada. E empresas que entendem essa jornada conseguem criar conex\u00f5es melhores.<\/p>\n<p><strong>Quer descobrir qual \u00e9 o funil ideal para sua empresa?<\/strong><br \/>\nNa Temperim, acreditamos que cada neg\u00f3cio tem uma receita pr\u00f3pria.<br \/>\nCriamos estrat\u00e9gias combinando conte\u00fado, design, tecnologia e performance para transformar presen\u00e7a digital em resultados.<strong> <a href=\"https:\/\/temperim.com\/contato\/?utm_source=blog&amp;utm_medium=organic&amp;utm_campaign=post_blog&amp;utm_content=funil-de-vendas\" target=\"_blank\" rel=\"noopener\">Fale com a gente<\/a>!<\/strong><\/p>\n","protected":false},"excerpt":{"rendered":"<p>Descubra como o funil de vendas ajuda empresas a atrair clientes, melhorar a comunica\u00e7\u00e3o e transformar oportunidades em resultados.<\/p>\n","protected":false},"author":2,"featured_media":1775,"comment_status":"closed","ping_status":"open","sticky":false,"template":"","format":"standard","meta":{"footnotes":""},"categories":[3],"tags":[295,297,296,299,298,294],"class_list":["post-1774","post","type-post","status-publish","format-standard","has-post-thumbnail","hentry","category-dica-do-chef","tag-como-criar-um-funil-de-vendas","tag-estrategia-de-vendas-e-marketing","tag-etapas-do-funil-de-vendas","tag-funil-de-vendas","tag-funil-de-vendas-para-empresas","tag-o-que-e-funil-de-vendas"],"yoast_head":"<!-- This site is optimized with the Yoast SEO plugin v28.3 - https:\/\/yoast.com\/product\/yoast-seo-wordpress\/ -->\n<title>Funil de vendas - Mexid\u00e3o<\/title>\n<meta name=\"description\" content=\"Descubra como o funil de vendas ajuda empresas a atrair clientes, melhorar a comunica\u00e7\u00e3o e transformar oportunidades em resultados.\" \/>\n<meta name=\"robots\" content=\"index, follow, max-snippet:-1, max-image-preview:large, max-video-preview:-1\" \/>\n<link rel=\"canonical\" href=\"https:\/\/temperim.com\/blog\/funil-de-vendas\/\" \/>\n<meta property=\"og:locale\" content=\"pt_BR\" \/>\n<meta property=\"og:type\" content=\"article\" \/>\n<meta property=\"og:title\" content=\"Funil de vendas - Mexid\u00e3o\" \/>\n<meta property=\"og:description\" content=\"Descubra como o funil de vendas ajuda empresas a atrair clientes, melhorar a comunica\u00e7\u00e3o e transformar oportunidades em resultados.\" \/>\n<meta property=\"og:url\" content=\"https:\/\/temperim.com\/blog\/funil-de-vendas\/\" \/>\n<meta property=\"og:site_name\" content=\"Mexid\u00e3o\" \/>\n<meta property=\"article:published_time\" content=\"2026-08-14T13:00:01+00:00\" \/>\n<meta property=\"og:image\" content=\"https:\/\/temperim.com\/blog\/wp-content\/uploads\/2026\/06\/funil-de-vendas.jpg\" \/>\n\t<meta property=\"og:image:width\" content=\"1200\" \/>\n\t<meta property=\"og:image:height\" content=\"600\" \/>\n\t<meta property=\"og:image:type\" content=\"image\/jpeg\" \/>\n<meta name=\"author\" content=\"Daniela Pereira\" \/>\n<meta name=\"twitter:card\" content=\"summary_large_image\" \/>\n<meta name=\"twitter:label1\" content=\"Escrito por\" \/>\n\t<meta name=\"twitter:data1\" content=\"Daniela Pereira\" \/>\n\t<meta name=\"twitter:label2\" content=\"Est. tempo de leitura\" \/>\n\t<meta name=\"twitter:data2\" content=\"6 minutos\" \/>\n<script type=\"application\/ld+json\" class=\"yoast-schema-graph\">{\"@context\":\"https:\\\/\\\/schema.org\",\"@graph\":[{\"@type\":\"Article\",\"@id\":\"https:\\\/\\\/temperim.com\\\/blog\\\/funil-de-vendas\\\/#article\",\"isPartOf\":{\"@id\":\"https:\\\/\\\/temperim.com\\\/blog\\\/funil-de-vendas\\\/\"},\"author\":{\"name\":\"Daniela Pereira\",\"@id\":\"https:\\\/\\\/temperim.com\\\/blog\\\/#\\\/schema\\\/person\\\/316adb7d808d2b38684b0e176d037cfe\"},\"headline\":\"Funil de vendas: por que sua empresa deveria adotar essa estrat\u00e9gia?\",\"datePublished\":\"2026-08-14T13:00:01+00:00\",\"mainEntityOfPage\":{\"@id\":\"https:\\\/\\\/temperim.com\\\/blog\\\/funil-de-vendas\\\/\"},\"wordCount\":945,\"publisher\":{\"@id\":\"https:\\\/\\\/temperim.com\\\/blog\\\/#organization\"},\"image\":{\"@id\":\"https:\\\/\\\/temperim.com\\\/blog\\\/funil-de-vendas\\\/#primaryimage\"},\"thumbnailUrl\":\"https:\\\/\\\/temperim.com\\\/blog\\\/wp-content\\\/uploads\\\/2026\\\/06\\\/funil-de-vendas.jpg\",\"keywords\":[\"como criar um funil de vendas\",\"estrat\u00e9gia de vendas e marketing\",\"etapas do funil de vendas\",\"funil de vendas\",\"funil de vendas para empresas\",\"o que \u00e9 funil de vendas\"],\"articleSection\":[\"Dica do Chef\"],\"inLanguage\":\"pt-BR\"},{\"@type\":\"WebPage\",\"@id\":\"https:\\\/\\\/temperim.com\\\/blog\\\/funil-de-vendas\\\/\",\"url\":\"https:\\\/\\\/temperim.com\\\/blog\\\/funil-de-vendas\\\/\",\"name\":\"Funil de vendas - Mexid\u00e3o\",\"isPartOf\":{\"@id\":\"https:\\\/\\\/temperim.com\\\/blog\\\/#website\"},\"primaryImageOfPage\":{\"@id\":\"https:\\\/\\\/temperim.com\\\/blog\\\/funil-de-vendas\\\/#primaryimage\"},\"image\":{\"@id\":\"https:\\\/\\\/temperim.com\\\/blog\\\/funil-de-vendas\\\/#primaryimage\"},\"thumbnailUrl\":\"https:\\\/\\\/temperim.com\\\/blog\\\/wp-content\\\/uploads\\\/2026\\\/06\\\/funil-de-vendas.jpg\",\"datePublished\":\"2026-08-14T13:00:01+00:00\",\"description\":\"Descubra como o funil de vendas ajuda empresas a atrair clientes, melhorar a comunica\u00e7\u00e3o e transformar oportunidades em resultados.\",\"breadcrumb\":{\"@id\":\"https:\\\/\\\/temperim.com\\\/blog\\\/funil-de-vendas\\\/#breadcrumb\"},\"inLanguage\":\"pt-BR\",\"potentialAction\":[{\"@type\":\"ReadAction\",\"target\":[\"https:\\\/\\\/temperim.com\\\/blog\\\/funil-de-vendas\\\/\"]}]},{\"@type\":\"ImageObject\",\"inLanguage\":\"pt-BR\",\"@id\":\"https:\\\/\\\/temperim.com\\\/blog\\\/funil-de-vendas\\\/#primaryimage\",\"url\":\"https:\\\/\\\/temperim.com\\\/blog\\\/wp-content\\\/uploads\\\/2026\\\/06\\\/funil-de-vendas.jpg\",\"contentUrl\":\"https:\\\/\\\/temperim.com\\\/blog\\\/wp-content\\\/uploads\\\/2026\\\/06\\\/funil-de-vendas.jpg\",\"width\":1200,\"height\":600,\"caption\":\"Funil de vendas: por que sua empresa deveria adotar essa estrat\u00e9gia?\"},{\"@type\":\"BreadcrumbList\",\"@id\":\"https:\\\/\\\/temperim.com\\\/blog\\\/funil-de-vendas\\\/#breadcrumb\",\"itemListElement\":[{\"@type\":\"ListItem\",\"position\":1,\"name\":\"Home\",\"item\":\"https:\\\/\\\/temperim.com\\\/blog\\\/\"},{\"@type\":\"ListItem\",\"position\":2,\"name\":\"Dica do Chef\",\"item\":\"https:\\\/\\\/temperim.com\\\/blog\\\/categoria\\\/dica-do-chef\\\/\"},{\"@type\":\"ListItem\",\"position\":3,\"name\":\"Funil de vendas: por que sua empresa deveria adotar essa estrat\u00e9gia?\"}]},{\"@type\":\"WebSite\",\"@id\":\"https:\\\/\\\/temperim.com\\\/blog\\\/#website\",\"url\":\"https:\\\/\\\/temperim.com\\\/blog\\\/\",\"name\":\"Mexid\u00e3o - o blog da Ag\u00eancia Temperim\",\"description\":\"o blog da Ag\u00eancia Temperim\",\"publisher\":{\"@id\":\"https:\\\/\\\/temperim.com\\\/blog\\\/#organization\"},\"alternateName\":\"Mexid\u00e3o - o blog da Ag\u00eancia Temperim\",\"potentialAction\":[{\"@type\":\"SearchAction\",\"target\":{\"@type\":\"EntryPoint\",\"urlTemplate\":\"https:\\\/\\\/temperim.com\\\/blog\\\/?s={search_term_string}\"},\"query-input\":{\"@type\":\"PropertyValueSpecification\",\"valueRequired\":true,\"valueName\":\"search_term_string\"}}],\"inLanguage\":\"pt-BR\"},{\"@type\":\"Organization\",\"@id\":\"https:\\\/\\\/temperim.com\\\/blog\\\/#organization\",\"name\":\"Mexid\u00e3o - o blog da Ag\u00eancia Temperim\",\"alternateName\":\"Mexid\u00e3o - o blog da Ag\u00eancia Temperim\",\"url\":\"https:\\\/\\\/temperim.com\\\/blog\\\/\",\"logo\":{\"@type\":\"ImageObject\",\"inLanguage\":\"pt-BR\",\"@id\":\"https:\\\/\\\/temperim.com\\\/blog\\\/#\\\/schema\\\/logo\\\/image\\\/\",\"url\":\"https:\\\/\\\/temperim.com\\\/blog\\\/wp-content\\\/uploads\\\/2026\\\/06\\\/mexidao2-e1777947401510.png\",\"contentUrl\":\"https:\\\/\\\/temperim.com\\\/blog\\\/wp-content\\\/uploads\\\/2026\\\/06\\\/mexidao2-e1777947401510.png\",\"width\":1300,\"height\":460,\"caption\":\"Mexid\u00e3o - o blog da Ag\u00eancia Temperim\"},\"image\":{\"@id\":\"https:\\\/\\\/temperim.com\\\/blog\\\/#\\\/schema\\\/logo\\\/image\\\/\"},\"sameAs\":[\"https:\\\/\\\/www.instagram.com\\\/agenciatemperim\\\/\",\"https:\\\/\\\/www.linkedin.com\\\/company\\\/agenciatemperim\\\/\"]},{\"@type\":\"Person\",\"@id\":\"https:\\\/\\\/temperim.com\\\/blog\\\/#\\\/schema\\\/person\\\/316adb7d808d2b38684b0e176d037cfe\",\"name\":\"Daniela Pereira\",\"pronouns\":\"ela\\\/dela\",\"image\":{\"@type\":\"ImageObject\",\"inLanguage\":\"pt-BR\",\"@id\":\"https:\\\/\\\/temperim.com\\\/blog\\\/wp-content\\\/litespeed\\\/avatar\\\/f536d8fd357c722186d9d4d125854110.jpg?ver=1788316506\",\"url\":\"https:\\\/\\\/temperim.com\\\/blog\\\/wp-content\\\/litespeed\\\/avatar\\\/f536d8fd357c722186d9d4d125854110.jpg?ver=1788316506\",\"contentUrl\":\"https:\\\/\\\/temperim.com\\\/blog\\\/wp-content\\\/litespeed\\\/avatar\\\/f536d8fd357c722186d9d4d125854110.jpg?ver=1788316506\",\"caption\":\"Daniela Pereira\"},\"description\":\"Co-founder &amp; Head de Projetos @ Ag\u00eancia Temperim\",\"sameAs\":[\"https:\\\/\\\/temperim.com\\\/\"]}]}<\/script>\n<!-- \/ Yoast SEO plugin. -->","yoast_head_json":{"title":"Funil de vendas - Mexid\u00e3o","description":"Descubra como o funil de vendas ajuda empresas a atrair clientes, melhorar a comunica\u00e7\u00e3o e transformar oportunidades em resultados.","robots":{"index":"index","follow":"follow","max-snippet":"max-snippet:-1","max-image-preview":"max-image-preview:large","max-video-preview":"max-video-preview:-1"},"canonical":"https:\/\/temperim.com\/blog\/funil-de-vendas\/","og_locale":"pt_BR","og_type":"article","og_title":"Funil de vendas - Mexid\u00e3o","og_description":"Descubra como o funil de vendas ajuda empresas a atrair clientes, melhorar a comunica\u00e7\u00e3o e transformar oportunidades em resultados.","og_url":"https:\/\/temperim.com\/blog\/funil-de-vendas\/","og_site_name":"Mexid\u00e3o","article_published_time":"2026-08-14T13:00:01+00:00","og_image":[{"width":1200,"height":600,"url":"https:\/\/temperim.com\/blog\/wp-content\/uploads\/2026\/06\/funil-de-vendas.jpg","type":"image\/jpeg"}],"author":"Daniela Pereira","twitter_card":"summary_large_image","twitter_misc":{"Escrito por":"Daniela Pereira","Est. tempo de leitura":"6 minutos"},"schema":{"@context":"https:\/\/schema.org","@graph":[{"@type":"Article","@id":"https:\/\/temperim.com\/blog\/funil-de-vendas\/#article","isPartOf":{"@id":"https:\/\/temperim.com\/blog\/funil-de-vendas\/"},"author":{"name":"Daniela Pereira","@id":"https:\/\/temperim.com\/blog\/#\/schema\/person\/316adb7d808d2b38684b0e176d037cfe"},"headline":"Funil de vendas: por que sua empresa deveria adotar essa estrat\u00e9gia?","datePublished":"2026-08-14T13:00:01+00:00","mainEntityOfPage":{"@id":"https:\/\/temperim.com\/blog\/funil-de-vendas\/"},"wordCount":945,"publisher":{"@id":"https:\/\/temperim.com\/blog\/#organization"},"image":{"@id":"https:\/\/temperim.com\/blog\/funil-de-vendas\/#primaryimage"},"thumbnailUrl":"https:\/\/temperim.com\/blog\/wp-content\/uploads\/2026\/06\/funil-de-vendas.jpg","keywords":["como criar um funil de vendas","estrat\u00e9gia de vendas e marketing","etapas do funil de vendas","funil de vendas","funil de vendas para empresas","o que \u00e9 funil de vendas"],"articleSection":["Dica do Chef"],"inLanguage":"pt-BR"},{"@type":"WebPage","@id":"https:\/\/temperim.com\/blog\/funil-de-vendas\/","url":"https:\/\/temperim.com\/blog\/funil-de-vendas\/","name":"Funil de vendas - Mexid\u00e3o","isPartOf":{"@id":"https:\/\/temperim.com\/blog\/#website"},"primaryImageOfPage":{"@id":"https:\/\/temperim.com\/blog\/funil-de-vendas\/#primaryimage"},"image":{"@id":"https:\/\/temperim.com\/blog\/funil-de-vendas\/#primaryimage"},"thumbnailUrl":"https:\/\/temperim.com\/blog\/wp-content\/uploads\/2026\/06\/funil-de-vendas.jpg","datePublished":"2026-08-14T13:00:01+00:00","description":"Descubra como o funil de vendas ajuda empresas a atrair clientes, melhorar a comunica\u00e7\u00e3o e transformar oportunidades em resultados.","breadcrumb":{"@id":"https:\/\/temperim.com\/blog\/funil-de-vendas\/#breadcrumb"},"inLanguage":"pt-BR","potentialAction":[{"@type":"ReadAction","target":["https:\/\/temperim.com\/blog\/funil-de-vendas\/"]}]},{"@type":"ImageObject","inLanguage":"pt-BR","@id":"https:\/\/temperim.com\/blog\/funil-de-vendas\/#primaryimage","url":"https:\/\/temperim.com\/blog\/wp-content\/uploads\/2026\/06\/funil-de-vendas.jpg","contentUrl":"https:\/\/temperim.com\/blog\/wp-content\/uploads\/2026\/06\/funil-de-vendas.jpg","width":1200,"height":600,"caption":"Funil de vendas: por que sua empresa deveria adotar essa estrat\u00e9gia?"},{"@type":"BreadcrumbList","@id":"https:\/\/temperim.com\/blog\/funil-de-vendas\/#breadcrumb","itemListElement":[{"@type":"ListItem","position":1,"name":"Home","item":"https:\/\/temperim.com\/blog\/"},{"@type":"ListItem","position":2,"name":"Dica do Chef","item":"https:\/\/temperim.com\/blog\/categoria\/dica-do-chef\/"},{"@type":"ListItem","position":3,"name":"Funil de vendas: por que sua empresa deveria adotar essa estrat\u00e9gia?"}]},{"@type":"WebSite","@id":"https:\/\/temperim.com\/blog\/#website","url":"https:\/\/temperim.com\/blog\/","name":"Mexid\u00e3o - o blog da Ag\u00eancia Temperim","description":"o blog da Ag\u00eancia Temperim","publisher":{"@id":"https:\/\/temperim.com\/blog\/#organization"},"alternateName":"Mexid\u00e3o - o blog da Ag\u00eancia Temperim","potentialAction":[{"@type":"SearchAction","target":{"@type":"EntryPoint","urlTemplate":"https:\/\/temperim.com\/blog\/?s={search_term_string}"},"query-input":{"@type":"PropertyValueSpecification","valueRequired":true,"valueName":"search_term_string"}}],"inLanguage":"pt-BR"},{"@type":"Organization","@id":"https:\/\/temperim.com\/blog\/#organization","name":"Mexid\u00e3o - o blog da Ag\u00eancia Temperim","alternateName":"Mexid\u00e3o - o blog da Ag\u00eancia Temperim","url":"https:\/\/temperim.com\/blog\/","logo":{"@type":"ImageObject","inLanguage":"pt-BR","@id":"https:\/\/temperim.com\/blog\/#\/schema\/logo\/image\/","url":"https:\/\/temperim.com\/blog\/wp-content\/uploads\/2026\/06\/mexidao2-e1777947401510.png","contentUrl":"https:\/\/temperim.com\/blog\/wp-content\/uploads\/2026\/06\/mexidao2-e1777947401510.png","width":1300,"height":460,"caption":"Mexid\u00e3o - o blog da Ag\u00eancia Temperim"},"image":{"@id":"https:\/\/temperim.com\/blog\/#\/schema\/logo\/image\/"},"sameAs":["https:\/\/www.instagram.com\/agenciatemperim\/","https:\/\/www.linkedin.com\/company\/agenciatemperim\/"]},{"@type":"Person","@id":"https:\/\/temperim.com\/blog\/#\/schema\/person\/316adb7d808d2b38684b0e176d037cfe","name":"Daniela Pereira","pronouns":"ela\/dela","image":{"@type":"ImageObject","inLanguage":"pt-BR","@id":"https:\/\/temperim.com\/blog\/wp-content\/litespeed\/avatar\/f536d8fd357c722186d9d4d125854110.jpg?ver=1788316506","url":"https:\/\/temperim.com\/blog\/wp-content\/litespeed\/avatar\/f536d8fd357c722186d9d4d125854110.jpg?ver=1788316506","contentUrl":"https:\/\/temperim.com\/blog\/wp-content\/litespeed\/avatar\/f536d8fd357c722186d9d4d125854110.jpg?ver=1788316506","caption":"Daniela Pereira"},"description":"Co-founder &amp; Head de Projetos @ Ag\u00eancia Temperim","sameAs":["https:\/\/temperim.com\/"]}]}},"_links":{"self":[{"href":"https:\/\/temperim.com\/blog\/wp-json\/wp\/v2\/posts\/1774","targetHints":{"allow":["GET"]}}],"collection":[{"href":"https:\/\/temperim.com\/blog\/wp-json\/wp\/v2\/posts"}],"about":[{"href":"https:\/\/temperim.com\/blog\/wp-json\/wp\/v2\/types\/post"}],"author":[{"embeddable":true,"href":"https:\/\/temperim.com\/blog\/wp-json\/wp\/v2\/users\/2"}],"replies":[{"embeddable":true,"href":"https:\/\/temperim.com\/blog\/wp-json\/wp\/v2\/comments?post=1774"}],"version-history":[{"count":8,"href":"https:\/\/temperim.com\/blog\/wp-json\/wp\/v2\/posts\/1774\/revisions"}],"predecessor-version":[{"id":1834,"href":"https:\/\/temperim.com\/blog\/wp-json\/wp\/v2\/posts\/1774\/revisions\/1834"}],"wp:featuredmedia":[{"embeddable":true,"href":"https:\/\/temperim.com\/blog\/wp-json\/wp\/v2\/media\/1775"}],"wp:attachment":[{"href":"https:\/\/temperim.com\/blog\/wp-json\/wp\/v2\/media?parent=1774"}],"wp:term":[{"taxonomy":"category","embeddable":true,"href":"https:\/\/temperim.com\/blog\/wp-json\/wp\/v2\/categories?post=1774"},{"taxonomy":"post_tag","embeddable":true,"href":"https:\/\/temperim.com\/blog\/wp-json\/wp\/v2\/tags?post=1774"}],"curies":[{"name":"wp","href":"https:\/\/api.w.org\/{rel}","templated":true}]}}